{"id":6832,"date":"2024-10-18T18:17:17","date_gmt":"2024-10-18T17:17:17","guid":{"rendered":"https:\/\/www.duerodeporte.com\/?p=6832"},"modified":"2024-10-18T18:17:42","modified_gmt":"2024-10-18T17:17:42","slug":"un-partido-con-premio-doble","status":"publish","type":"post","link":"https:\/\/www.duerodeporte.com\/index.php\/archivos\/6832","title":{"rendered":"Una victoria en La Alcarria, bien merece la pena para Tubos Aranda Villa de Aranda"},"content":{"rendered":"\n<h2 class=\"wp-block-heading\">La escuadra arandina visita el David Santamar\u00eda de un Guadalajara, rival directo por mantenerse en Liga Plenitude Asobal. Los alcarre\u00f1os cuentan con cuatro puntos, tres m\u00e1s que los amarillos. M\u00e1rquez hace \u00e9nfasis en \u00abser regulares\u00bb para poder optar al triunfo. Varias decenas de seguidores de las tierras del Duero estar\u00e1n en las gradas<\/h2>\n\n\n\n<p>La visita de este <strong>s\u00e1bado <\/strong>(<strong>20:00 h<\/strong>) al David Santamar\u00eda para medirse a <strong><a href=\"https:\/\/www.bmguadalajara.es\/\">Guadalajara<\/a> <\/strong>(11\u00ba, 4 puntos) tiene doble valor para la salvaci\u00f3n de <strong><a href=\"https:\/\/www.bmvilladearanda.com\/\">Tubos Aranda Villa de Aranda<\/a><\/strong> (16\u00ba, 1 punto) en esta <a href=\"https:\/\/asobal.es\/liga\/calendario\/6\/\">6\u00ba jornada de Liga Plenitude Asobal<\/a>. Con un punto y como colistas, los amarillos tienen ante s\u00ed la posibilidad de <strong>doblegar a un rival directo y sumar el primer triunfo<\/strong> del curso. Doble premio para un encuentro que estar\u00e1 cargado de intesidad.<\/p>\n\n\n\n<figure class=\"wp-block-image size-large\"><a href=\"https:\/\/multiriber.com\/\"><img loading=\"lazy\" decoding=\"async\" width=\"1024\" height=\"234\" src=\"https:\/\/www.duerodeporte.com\/wp-content\/uploads\/2024\/07\/multiriber.fw_-1024x234.png\" alt=\"\" class=\"wp-image-4730\" srcset=\"https:\/\/www.duerodeporte.com\/wp-content\/uploads\/2024\/07\/multiriber.fw_-1024x234.png 1024w, https:\/\/www.duerodeporte.com\/wp-content\/uploads\/2024\/07\/multiriber.fw_-300x69.png 300w, https:\/\/www.duerodeporte.com\/wp-content\/uploads\/2024\/07\/multiriber.fw_-768x176.png 768w, https:\/\/www.duerodeporte.com\/wp-content\/uploads\/2024\/07\/multiriber.fw_-1536x351.png 1536w, https:\/\/www.duerodeporte.com\/wp-content\/uploads\/2024\/07\/multiriber.fw_-696x159.png 696w, https:\/\/www.duerodeporte.com\/wp-content\/uploads\/2024\/07\/multiriber.fw_-1068x244.png 1068w, https:\/\/www.duerodeporte.com\/wp-content\/uploads\/2024\/07\/multiriber.fw_.png 1845w\" sizes=\"auto, (max-width: 1024px) 100vw, 1024px\" \/><\/a><\/figure>\n\n\n\n<p>Las <strong>buenas sensaciones<\/strong> que est\u00e1 demostrando el equipo en este exigente arranque de temporada <strong>merecen ya un resultado positivo<\/strong>. Pero a los m\u00e9ritos hay que buscarles tambi\u00e9n una fortuna que le est\u00e1 siendo esquiva a la escuadra de un<strong> Javi M\u00e1rquez<\/strong> que demuestra una y otro vez su capacidad de <strong>resiliencia<\/strong>. El manchego apunta en la previa del encuentro que el equipo <strong>\u00abm\u00e1s all\u00e1 de la labor defensiva, necesita regularidad en las acciones de ataque\u00bb<\/strong> para ser m\u00e1s determinante.<\/p>\n\n\n\n<figure class=\"wp-block-embed is-type-rich is-provider-twitter wp-block-embed-twitter\"><div class=\"wp-block-embed__wrapper\">\n<blockquote class=\"twitter-tweet\" data-width=\"550\" data-dnt=\"true\"><p lang=\"es\" dir=\"ltr\">\ud83d\udfe0 BALONMANO <a href=\"https:\/\/twitter.com\/hashtag\/PREVIA?src=hash&amp;ref_src=twsrc%5Etfw\">#PREVIA<\/a><br><br>\ud83e\udd3e\ud83c\udffb\u200d\u2642\ufe0f Entrenador <a href=\"https:\/\/twitter.com\/bmvillaaranda?ref_src=twsrc%5Etfw\">@bmvillaaranda<\/a>, <a href=\"https:\/\/twitter.com\/fcjaviermarquez?ref_src=twsrc%5Etfw\">@fcjaviermarquez<\/a>, analiza duelo <a href=\"https:\/\/twitter.com\/bmguadalajara?ref_src=twsrc%5Etfw\">@bmguadalajara<\/a><br><br>\ud83d\udde3\ufe0f &quot;Es importante tener regularidad en las fases del juego&quot; <br><br>\u27a1\ufe0f 6\ufe0f\u20e3&#39; jr. <a href=\"https:\/\/twitter.com\/hashtag\/LigaPlenitude?src=hash&amp;ref_src=twsrc%5Etfw\">#LigaPlenitude<\/a> <a href=\"https:\/\/twitter.com\/ASOBAL?ref_src=twsrc%5Etfw\">@ASOBAL<\/a><br>\ud83d\uddd3\ufe0f 1\ufe0f\u20e39\ufe0f\u20e3 octubre (20 h)<br>\ud83c\udfdf\ufe0f Santamar\u00eda (Guadalajara)<br><br>\ud83c\udfa6 <a href=\"https:\/\/t.co\/QxLvd9klfJ\">https:\/\/t.co\/QxLvd9klfJ<\/a> <a href=\"https:\/\/t.co\/F8WfeYPa1E\">pic.twitter.com\/F8WfeYPa1E<\/a><\/p>&mdash; Diego A. Mart\u00edn (@Diegoamartin13) <a href=\"https:\/\/twitter.com\/Diegoamartin13\/status\/1847037771724050463?ref_src=twsrc%5Etfw\">October 17, 2024<\/a><\/blockquote><script async src=\"https:\/\/platform.twitter.com\/widgets.js\" charset=\"utf-8\"><\/script>\n<\/div><figcaption class=\"wp-element-caption\"><strong><a href=\"https:\/\/x.com\/Diegoamartin13\">@Diegoamartin13<\/a><\/strong><\/figcaption><\/figure>\n\n\n\n<h2 class=\"wp-block-heading\">Guadalajara con cuatro puntos <\/h2>\n\n\n\n<p>Mientras tanto, del lado alcarre\u00f1o el encuentro llega tras el triunfo de los Requena en <strong>Puente Genil (28-31<\/strong>) aunque con anterioridad sufrieron la <strong>primera derrota de la temporada en casa a manos de Logro\u00f1o <\/strong>(<strong>22-32<\/strong>) Camino en el que deber\u00e1n fijarse los de las tierras del Duero para poder poner contra las cuerdas a los castellano manchegos que suma tres puntos m\u00e1s, cuatro tras dos victorias.<\/p>\n\n\n\n<p>Un duelo en el que <a href=\"https:\/\/www.duerodeporte.com\/index.php\/archivos\/6775\">como analizaba<\/a><strong><a href=\"https:\/\/www.duerodeporte.com\/index.php\/archivos\/6775\"> \u00c1ngel Magdaleno <\/a><\/strong><a href=\"https:\/\/www.duerodeporte.com\/index.php\/archivos\/6775\">para <\/a><strong><a href=\"https:\/\/www.duerodeporte.com\/index.php\/archivos\/6775\">DUERO Deporte <\/a><\/strong>esta semana ser\u00e1 capital <strong>\u00absumar porque los rivales ya lo est\u00e1n haciendo\u00bb <\/strong>y pon\u00eda el foco en jugadores como <strong>Serradilla<\/strong>, que junto con Poveda son los m\u00e1ximo goleadores morados (22 goles) Al mismo tiempo la calidad de sus hombres internacionales como el argentino <strong>Lombardi<\/strong>, el brasile\u00f1o <strong>Chufa <\/strong>o los polacos: <strong>Mielczarski <\/strong>y<strong> Sladkowski<\/strong>.<\/p>\n\n\n\n<h2 class=\"wp-block-heading\">Marea amarilla y arbitraje<\/h2>\n\n\n\n<p>El encuentro que comienza a las <strong>20:00 horas <\/strong>en el David Santamar\u00eda de la capital alcarre\u00f1a contar\u00e1 con un <strong>nutrido grupo de aficionados amarillos<\/strong> en la gradas tras el viaje organizado por la pe\u00f1a Desfase y la propia entidad de las tierras del Duero.<\/p>\n\n\n\n<figure class=\"wp-block-embed is-type-rich is-provider-twitter wp-block-embed-twitter\"><div class=\"wp-block-embed__wrapper\">\n<blockquote class=\"twitter-tweet\" data-width=\"550\" data-dnt=\"true\"><p lang=\"es\" dir=\"ltr\">\ud83d\udea8 \ud835\udc00\ud835\udc02\ud835\udc13\ud835\udc14\ud835\udc00\ud835\udc0b\ud835\udc08\ud835\udc19\ud835\udc00\ud835\udc02\ud835\udc08\u00d3\ud835\udc0d | El autob\u00fas saldr\u00e1 a las 10:30 horas desde la parada situada al lado del cine viejo.<br><br>\ud83c\udf9f\ufe0f Las \ud835\udc1e\ud835\udc27\ud835\udc2d\ud835\udc2b\ud835\udc1a\ud835\udc1d\ud835\udc1a\ud835\udc2c ser\u00e1n entregadas en el propio bus. <a href=\"https:\/\/t.co\/wInpQoCe90\">https:\/\/t.co\/wInpQoCe90<\/a><\/p>&mdash; Club Balonmano Villa de Aranda (@bmvillaaranda) <a href=\"https:\/\/twitter.com\/bmvillaaranda\/status\/1846927731566514374?ref_src=twsrc%5Etfw\">October 17, 2024<\/a><\/blockquote><script async src=\"https:\/\/platform.twitter.com\/widgets.js\" charset=\"utf-8\"><\/script>\n<\/div><figcaption class=\"wp-element-caption\"><strong><a href=\"https:\/\/x.com\/bmvillaaranda\">@bmvillaaranda<\/a><\/strong><\/figcaption><\/figure>\n\n\n\n<p>Mientras, y tras las dos \u00faltimas actuaciones arbitrales, se mirar\u00e1 con lupa la labor de la pareja designada para este encuentro. Una dupla con la experiencia de 13 temporadas en la categor\u00eda: <strong>Javier \u00c1lvarez Mata <\/strong>y el m\u00edtico<strong> Yon Bustamante L\u00f3pez<\/strong>.<\/p>\n","protected":false},"excerpt":{"rendered":"<p>La escuadra arandina visita el David Santamar\u00eda de un Guadalajara, rival directo por mantenerse en Liga Plenitude Asobal. Los alcarre\u00f1os cuentan con cuatro puntos, tres m\u00e1s que los amarillos. M\u00e1rquez [&hellip;]<\/p>\n","protected":false},"author":3,"featured_media":6836,"comment_status":"open","ping_status":"open","sticky":false,"template":"","format":"standard","meta":{"footnotes":""},"categories":[18,15],"tags":[],"class_list":["post-6832","post","type-post","status-publish","format-standard","has-post-thumbnail","category-balonmano","category-portada"],"yoast_head":"<!-- This site is optimized with the Yoast SEO plugin v27.5 - https:\/\/yoast.com\/product\/yoast-seo-wordpress\/ -->\r\n<title>Una victoria en La Alcarria, bien merece la pena para Tubos Aranda Villa de Aranda<\/title>\r\n<meta name=\"description\" content=\"El Deporte de Aranda y las tierras del Duero\" \/>\r\n<meta name=\"robots\" content=\"index, follow, max-snippet:-1, max-image-preview:large, max-video-preview:-1\" \/>\r\n<link rel=\"canonical\" href=\"https:\/\/www.duerodeporte.com\/index.php\/archivos\/6832\" \/>\r\n<meta property=\"og:locale\" content=\"es_ES\" \/>\r\n<meta property=\"og:type\" content=\"article\" \/>\r\n<meta property=\"og:title\" content=\"Una victoria en La Alcarria, bien merece la pena para Tubos Aranda Villa de Aranda\" \/>\r\n<meta property=\"og:description\" content=\"El Deporte de Aranda y las tierras del Duero\" \/>\r\n<meta property=\"og:url\" content=\"https:\/\/www.duerodeporte.com\/index.php\/archivos\/6832\" \/>\r\n<meta property=\"og:site_name\" content=\"Duero Deporte\" \/>\r\n<meta property=\"article:publisher\" content=\"https:\/\/www.facebook.com\/61555928375028\" \/>\r\n<meta property=\"article:published_time\" content=\"2024-10-18T17:17:17+00:00\" \/>\r\n<meta property=\"article:modified_time\" content=\"2024-10-18T17:17:42+00:00\" \/>\r\n<meta property=\"og:image\" content=\"https:\/\/www.duerodeporte.com\/wp-content\/uploads\/2024\/10\/arcalle-oct-13-2024-442-Angel-Rodriguez-scaled.jpg\" \/>\r\n\t<meta property=\"og:image:width\" content=\"2560\" \/>\r\n\t<meta property=\"og:image:height\" content=\"1707\" \/>\r\n\t<meta property=\"og:image:type\" content=\"image\/jpeg\" \/>\r\n<meta name=\"author\" content=\"Diego A. Mart\u00edn\" \/>\r\n<meta name=\"twitter:card\" content=\"summary_large_image\" \/>\r\n<meta name=\"twitter:creator\" content=\"@Diegoamartin13\" \/>\r\n<meta name=\"twitter:site\" content=\"@Diegoamartin13\" \/>\r\n<meta name=\"twitter:label1\" content=\"Escrito por\" \/>\n\t<meta name=\"twitter:data1\" content=\"Diego A. Mart\u00edn\" \/>\n\t<meta name=\"twitter:label2\" content=\"Tiempo de lectura\" \/>\n\t<meta name=\"twitter:data2\" content=\"3 minutos\" \/>\r\n<script type=\"application\/ld+json\" class=\"yoast-schema-graph\">{\"@context\":\"https:\\\/\\\/schema.org\",\"@graph\":[{\"@type\":[\"Article\",\"SocialMediaPosting\"],\"@id\":\"https:\\\/\\\/www.duerodeporte.com\\\/index.php\\\/archivos\\\/6832#article\",\"isPartOf\":{\"@id\":\"https:\\\/\\\/www.duerodeporte.com\\\/index.php\\\/archivos\\\/6832\"},\"author\":{\"name\":\"Diego A. Mart\u00edn\",\"@id\":\"https:\\\/\\\/www.duerodeporte.com\\\/#\\\/schema\\\/person\\\/5f3368966f635b5ae0d23ffaf7a7f894\"},\"headline\":\"Una victoria en La Alcarria, bien merece la pena para Tubos Aranda Villa de Aranda\",\"datePublished\":\"2024-10-18T17:17:17+00:00\",\"dateModified\":\"2024-10-18T17:17:42+00:00\",\"mainEntityOfPage\":{\"@id\":\"https:\\\/\\\/www.duerodeporte.com\\\/index.php\\\/archivos\\\/6832\"},\"wordCount\":477,\"commentCount\":0,\"publisher\":{\"@id\":\"https:\\\/\\\/www.duerodeporte.com\\\/#organization\"},\"image\":{\"@id\":\"https:\\\/\\\/www.duerodeporte.com\\\/index.php\\\/archivos\\\/6832#primaryimage\"},\"thumbnailUrl\":\"https:\\\/\\\/www.duerodeporte.com\\\/wp-content\\\/uploads\\\/2024\\\/10\\\/arcalle-oct-13-2024-442-Angel-Rodriguez-scaled.jpg\",\"articleSection\":[\"BALONMANO\",\"z_PORTADA\"],\"inLanguage\":\"es\",\"potentialAction\":[{\"@type\":\"CommentAction\",\"name\":\"Comment\",\"target\":[\"https:\\\/\\\/www.duerodeporte.com\\\/index.php\\\/archivos\\\/6832#respond\"]}]},{\"@type\":[\"WebPage\",\"ItemPage\"],\"@id\":\"https:\\\/\\\/www.duerodeporte.com\\\/index.php\\\/archivos\\\/6832\",\"url\":\"https:\\\/\\\/www.duerodeporte.com\\\/index.php\\\/archivos\\\/6832\",\"name\":\"Una victoria en La Alcarria, bien merece la pena para Tubos Aranda Villa de Aranda\",\"isPartOf\":{\"@id\":\"https:\\\/\\\/www.duerodeporte.com\\\/#website\"},\"primaryImageOfPage\":{\"@id\":\"https:\\\/\\\/www.duerodeporte.com\\\/index.php\\\/archivos\\\/6832#primaryimage\"},\"image\":{\"@id\":\"https:\\\/\\\/www.duerodeporte.com\\\/index.php\\\/archivos\\\/6832#primaryimage\"},\"thumbnailUrl\":\"https:\\\/\\\/www.duerodeporte.com\\\/wp-content\\\/uploads\\\/2024\\\/10\\\/arcalle-oct-13-2024-442-Angel-Rodriguez-scaled.jpg\",\"datePublished\":\"2024-10-18T17:17:17+00:00\",\"dateModified\":\"2024-10-18T17:17:42+00:00\",\"description\":\"El Deporte de Aranda y las tierras del Duero\",\"breadcrumb\":{\"@id\":\"https:\\\/\\\/www.duerodeporte.com\\\/index.php\\\/archivos\\\/6832#breadcrumb\"},\"inLanguage\":\"es\",\"potentialAction\":[{\"@type\":\"ReadAction\",\"target\":[\"https:\\\/\\\/www.duerodeporte.com\\\/index.php\\\/archivos\\\/6832\"]}]},{\"@type\":\"ImageObject\",\"inLanguage\":\"es\",\"@id\":\"https:\\\/\\\/www.duerodeporte.com\\\/index.php\\\/archivos\\\/6832#primaryimage\",\"url\":\"https:\\\/\\\/www.duerodeporte.com\\\/wp-content\\\/uploads\\\/2024\\\/10\\\/arcalle-oct-13-2024-442-Angel-Rodriguez-scaled.jpg\",\"contentUrl\":\"https:\\\/\\\/www.duerodeporte.com\\\/wp-content\\\/uploads\\\/2024\\\/10\\\/arcalle-oct-13-2024-442-Angel-Rodriguez-scaled.jpg\",\"width\":2560,\"height\":1707,\"caption\":\"Equipo y afici\u00f3n estar\u00e1n presentes en el David Santamar\u00eda de Guadalajara. \\\/ Arcalle (Villa de Aranda)\"},{\"@type\":\"BreadcrumbList\",\"@id\":\"https:\\\/\\\/www.duerodeporte.com\\\/index.php\\\/archivos\\\/6832#breadcrumb\",\"itemListElement\":[{\"@type\":\"ListItem\",\"position\":1,\"name\":\"Portada\",\"item\":\"https:\\\/\\\/www.duerodeporte.com\\\/\"},{\"@type\":\"ListItem\",\"position\":2,\"name\":\"Una victoria en La Alcarria, bien merece la pena para Tubos Aranda Villa de Aranda\"}]},{\"@type\":\"WebSite\",\"@id\":\"https:\\\/\\\/www.duerodeporte.com\\\/#website\",\"url\":\"https:\\\/\\\/www.duerodeporte.com\\\/\",\"name\":\"Duero Deporte\",\"description\":\"El Deporte de Aranda y las tierras del Duero\",\"publisher\":{\"@id\":\"https:\\\/\\\/www.duerodeporte.com\\\/#organization\"},\"alternateName\":\"El Deporte de Aranda y las tierras del Duero\",\"potentialAction\":[{\"@type\":\"SearchAction\",\"target\":{\"@type\":\"EntryPoint\",\"urlTemplate\":\"https:\\\/\\\/www.duerodeporte.com\\\/?s={search_term_string}\"},\"query-input\":{\"@type\":\"PropertyValueSpecification\",\"valueRequired\":true,\"valueName\":\"search_term_string\"}}],\"inLanguage\":\"es\"},{\"@type\":\"Organization\",\"@id\":\"https:\\\/\\\/www.duerodeporte.com\\\/#organization\",\"name\":\"Duero Deporte\",\"alternateName\":\"El Deporte de Aranda y las tierras del Duero\",\"url\":\"https:\\\/\\\/www.duerodeporte.com\\\/\",\"logo\":{\"@type\":\"ImageObject\",\"inLanguage\":\"es\",\"@id\":\"https:\\\/\\\/www.duerodeporte.com\\\/#\\\/schema\\\/logo\\\/image\\\/\",\"url\":\"https:\\\/\\\/www.duerodeporte.com\\\/wp-content\\\/uploads\\\/2023\\\/11\\\/A.ColorSinFondo-e1708011627555.png\",\"contentUrl\":\"https:\\\/\\\/www.duerodeporte.com\\\/wp-content\\\/uploads\\\/2023\\\/11\\\/A.ColorSinFondo-e1708011627555.png\",\"width\":750,\"height\":132,\"caption\":\"Duero Deporte\"},\"image\":{\"@id\":\"https:\\\/\\\/www.duerodeporte.com\\\/#\\\/schema\\\/logo\\\/image\\\/\"},\"sameAs\":[\"https:\\\/\\\/www.facebook.com\\\/61555928375028\",\"https:\\\/\\\/x.com\\\/Diegoamartin13\",\"https:\\\/\\\/www.youtube.com\\\/channel\\\/UCxIGQL8b9gmW-NjaChabCdA\"]},{\"@type\":\"Person\",\"@id\":\"https:\\\/\\\/www.duerodeporte.com\\\/#\\\/schema\\\/person\\\/5f3368966f635b5ae0d23ffaf7a7f894\",\"name\":\"Diego A. Mart\u00edn\",\"image\":{\"@type\":\"ImageObject\",\"inLanguage\":\"es\",\"@id\":\"https:\\\/\\\/www.duerodeporte.com\\\/wp-content\\\/uploads\\\/2024\\\/01\\\/Diego2-e1706522808572-150x150.jpeg\",\"url\":\"https:\\\/\\\/www.duerodeporte.com\\\/wp-content\\\/uploads\\\/2024\\\/01\\\/Diego2-e1706522808572-150x150.jpeg\",\"contentUrl\":\"https:\\\/\\\/www.duerodeporte.com\\\/wp-content\\\/uploads\\\/2024\\\/01\\\/Diego2-e1706522808572-150x150.jpeg\",\"caption\":\"Diego A. Mart\u00edn\"},\"url\":\"https:\\\/\\\/www.duerodeporte.com\\\/index.php\\\/archivos\\\/author\\\/diego\"}]}<\/script>\r\n<!-- \/ Yoast SEO plugin. -->","yoast_head_json":{"title":"Una victoria en La Alcarria, bien merece la pena para Tubos Aranda Villa de Aranda","description":"El Deporte de Aranda y las tierras del Duero","robots":{"index":"index","follow":"follow","max-snippet":"max-snippet:-1","max-image-preview":"max-image-preview:large","max-video-preview":"max-video-preview:-1"},"canonical":"https:\/\/www.duerodeporte.com\/index.php\/archivos\/6832","og_locale":"es_ES","og_type":"article","og_title":"Una victoria en La Alcarria, bien merece la pena para Tubos Aranda Villa de Aranda","og_description":"El Deporte de Aranda y las tierras del Duero","og_url":"https:\/\/www.duerodeporte.com\/index.php\/archivos\/6832","og_site_name":"Duero Deporte","article_publisher":"https:\/\/www.facebook.com\/61555928375028","article_published_time":"2024-10-18T17:17:17+00:00","article_modified_time":"2024-10-18T17:17:42+00:00","og_image":[{"width":2560,"height":1707,"url":"https:\/\/www.duerodeporte.com\/wp-content\/uploads\/2024\/10\/arcalle-oct-13-2024-442-Angel-Rodriguez-scaled.jpg","type":"image\/jpeg"}],"author":"Diego A. Mart\u00edn","twitter_card":"summary_large_image","twitter_creator":"@Diegoamartin13","twitter_site":"@Diegoamartin13","twitter_misc":{"Escrito por":"Diego A. Mart\u00edn","Tiempo de lectura":"3 minutos"},"schema":{"@context":"https:\/\/schema.org","@graph":[{"@type":["Article","SocialMediaPosting"],"@id":"https:\/\/www.duerodeporte.com\/index.php\/archivos\/6832#article","isPartOf":{"@id":"https:\/\/www.duerodeporte.com\/index.php\/archivos\/6832"},"author":{"name":"Diego A. Mart\u00edn","@id":"https:\/\/www.duerodeporte.com\/#\/schema\/person\/5f3368966f635b5ae0d23ffaf7a7f894"},"headline":"Una victoria en La Alcarria, bien merece la pena para Tubos Aranda Villa de Aranda","datePublished":"2024-10-18T17:17:17+00:00","dateModified":"2024-10-18T17:17:42+00:00","mainEntityOfPage":{"@id":"https:\/\/www.duerodeporte.com\/index.php\/archivos\/6832"},"wordCount":477,"commentCount":0,"publisher":{"@id":"https:\/\/www.duerodeporte.com\/#organization"},"image":{"@id":"https:\/\/www.duerodeporte.com\/index.php\/archivos\/6832#primaryimage"},"thumbnailUrl":"https:\/\/www.duerodeporte.com\/wp-content\/uploads\/2024\/10\/arcalle-oct-13-2024-442-Angel-Rodriguez-scaled.jpg","articleSection":["BALONMANO","z_PORTADA"],"inLanguage":"es","potentialAction":[{"@type":"CommentAction","name":"Comment","target":["https:\/\/www.duerodeporte.com\/index.php\/archivos\/6832#respond"]}]},{"@type":["WebPage","ItemPage"],"@id":"https:\/\/www.duerodeporte.com\/index.php\/archivos\/6832","url":"https:\/\/www.duerodeporte.com\/index.php\/archivos\/6832","name":"Una victoria en La Alcarria, bien merece la pena para Tubos Aranda Villa de Aranda","isPartOf":{"@id":"https:\/\/www.duerodeporte.com\/#website"},"primaryImageOfPage":{"@id":"https:\/\/www.duerodeporte.com\/index.php\/archivos\/6832#primaryimage"},"image":{"@id":"https:\/\/www.duerodeporte.com\/index.php\/archivos\/6832#primaryimage"},"thumbnailUrl":"https:\/\/www.duerodeporte.com\/wp-content\/uploads\/2024\/10\/arcalle-oct-13-2024-442-Angel-Rodriguez-scaled.jpg","datePublished":"2024-10-18T17:17:17+00:00","dateModified":"2024-10-18T17:17:42+00:00","description":"El Deporte de Aranda y las tierras del Duero","breadcrumb":{"@id":"https:\/\/www.duerodeporte.com\/index.php\/archivos\/6832#breadcrumb"},"inLanguage":"es","potentialAction":[{"@type":"ReadAction","target":["https:\/\/www.duerodeporte.com\/index.php\/archivos\/6832"]}]},{"@type":"ImageObject","inLanguage":"es","@id":"https:\/\/www.duerodeporte.com\/index.php\/archivos\/6832#primaryimage","url":"https:\/\/www.duerodeporte.com\/wp-content\/uploads\/2024\/10\/arcalle-oct-13-2024-442-Angel-Rodriguez-scaled.jpg","contentUrl":"https:\/\/www.duerodeporte.com\/wp-content\/uploads\/2024\/10\/arcalle-oct-13-2024-442-Angel-Rodriguez-scaled.jpg","width":2560,"height":1707,"caption":"Equipo y afici\u00f3n estar\u00e1n presentes en el David Santamar\u00eda de Guadalajara. \/ Arcalle (Villa de Aranda)"},{"@type":"BreadcrumbList","@id":"https:\/\/www.duerodeporte.com\/index.php\/archivos\/6832#breadcrumb","itemListElement":[{"@type":"ListItem","position":1,"name":"Portada","item":"https:\/\/www.duerodeporte.com\/"},{"@type":"ListItem","position":2,"name":"Una victoria en La Alcarria, bien merece la pena para Tubos Aranda Villa de Aranda"}]},{"@type":"WebSite","@id":"https:\/\/www.duerodeporte.com\/#website","url":"https:\/\/www.duerodeporte.com\/","name":"Duero Deporte","description":"El Deporte de Aranda y las tierras del Duero","publisher":{"@id":"https:\/\/www.duerodeporte.com\/#organization"},"alternateName":"El Deporte de Aranda y las tierras del Duero","potentialAction":[{"@type":"SearchAction","target":{"@type":"EntryPoint","urlTemplate":"https:\/\/www.duerodeporte.com\/?s={search_term_string}"},"query-input":{"@type":"PropertyValueSpecification","valueRequired":true,"valueName":"search_term_string"}}],"inLanguage":"es"},{"@type":"Organization","@id":"https:\/\/www.duerodeporte.com\/#organization","name":"Duero Deporte","alternateName":"El Deporte de Aranda y las tierras del Duero","url":"https:\/\/www.duerodeporte.com\/","logo":{"@type":"ImageObject","inLanguage":"es","@id":"https:\/\/www.duerodeporte.com\/#\/schema\/logo\/image\/","url":"https:\/\/www.duerodeporte.com\/wp-content\/uploads\/2023\/11\/A.ColorSinFondo-e1708011627555.png","contentUrl":"https:\/\/www.duerodeporte.com\/wp-content\/uploads\/2023\/11\/A.ColorSinFondo-e1708011627555.png","width":750,"height":132,"caption":"Duero Deporte"},"image":{"@id":"https:\/\/www.duerodeporte.com\/#\/schema\/logo\/image\/"},"sameAs":["https:\/\/www.facebook.com\/61555928375028","https:\/\/x.com\/Diegoamartin13","https:\/\/www.youtube.com\/channel\/UCxIGQL8b9gmW-NjaChabCdA"]},{"@type":"Person","@id":"https:\/\/www.duerodeporte.com\/#\/schema\/person\/5f3368966f635b5ae0d23ffaf7a7f894","name":"Diego A. Mart\u00edn","image":{"@type":"ImageObject","inLanguage":"es","@id":"https:\/\/www.duerodeporte.com\/wp-content\/uploads\/2024\/01\/Diego2-e1706522808572-150x150.jpeg","url":"https:\/\/www.duerodeporte.com\/wp-content\/uploads\/2024\/01\/Diego2-e1706522808572-150x150.jpeg","contentUrl":"https:\/\/www.duerodeporte.com\/wp-content\/uploads\/2024\/01\/Diego2-e1706522808572-150x150.jpeg","caption":"Diego A. Mart\u00edn"},"url":"https:\/\/www.duerodeporte.com\/index.php\/archivos\/author\/diego"}]}},"views":468,"_links":{"self":[{"href":"https:\/\/www.duerodeporte.com\/index.php\/wp-json\/wp\/v2\/posts\/6832","targetHints":{"allow":["GET"]}}],"collection":[{"href":"https:\/\/www.duerodeporte.com\/index.php\/wp-json\/wp\/v2\/posts"}],"about":[{"href":"https:\/\/www.duerodeporte.com\/index.php\/wp-json\/wp\/v2\/types\/post"}],"author":[{"embeddable":true,"href":"https:\/\/www.duerodeporte.com\/index.php\/wp-json\/wp\/v2\/users\/3"}],"replies":[{"embeddable":true,"href":"https:\/\/www.duerodeporte.com\/index.php\/wp-json\/wp\/v2\/comments?post=6832"}],"version-history":[{"count":6,"href":"https:\/\/www.duerodeporte.com\/index.php\/wp-json\/wp\/v2\/posts\/6832\/revisions"}],"predecessor-version":[{"id":6842,"href":"https:\/\/www.duerodeporte.com\/index.php\/wp-json\/wp\/v2\/posts\/6832\/revisions\/6842"}],"wp:featuredmedia":[{"embeddable":true,"href":"https:\/\/www.duerodeporte.com\/index.php\/wp-json\/wp\/v2\/media\/6836"}],"wp:attachment":[{"href":"https:\/\/www.duerodeporte.com\/index.php\/wp-json\/wp\/v2\/media?parent=6832"}],"wp:term":[{"taxonomy":"category","embeddable":true,"href":"https:\/\/www.duerodeporte.com\/index.php\/wp-json\/wp\/v2\/categories?post=6832"},{"taxonomy":"post_tag","embeddable":true,"href":"https:\/\/www.duerodeporte.com\/index.php\/wp-json\/wp\/v2\/tags?post=6832"}],"curies":[{"name":"wp","href":"https:\/\/api.w.org\/{rel}","templated":true}]}}