{"id":7010,"date":"2024-10-26T21:10:58","date_gmt":"2024-10-26T20:10:58","guid":{"rendered":"https:\/\/www.duerodeporte.com\/?p=7010"},"modified":"2024-10-29T00:49:40","modified_gmt":"2024-10-28T23:49:40","slug":"un-huracan-asola-el-santiago-manguan-28-38","status":"publish","type":"post","link":"https:\/\/www.duerodeporte.com\/index.php\/archivos\/7010","title":{"rendered":"Un hurac\u00e1n asola el Santiago Mangu\u00e1n frente al orgullo amarillo (31-36)"},"content":{"rendered":"\n<h2 class=\"wp-block-heading\">Granollers supera con claridad a un Tubos Aranda Villa de Aranda que supo aguantar durante pr\u00e1cticamente veinte minutos. Los errores de inicio en la segunda parte sentencian el partido. La afici\u00f3n amarilla da ejemplo de deportividad y muestra el orgullo de una ciudad enamorada de su equipo. El mi\u00e9rcoles llega la Copa ante a Caser\u00edo en Ciudad Real<\/h2>\n\n\n\n<p><strong><a href=\"https:\/\/bmgranollers.cat\/es\/\">Granollers <\/a><\/strong>no tuvo piedad para superar a un <strong><a href=\"https:\/\/www.bmvilladearanda.com\/\">Tubos Aranda Villa de Aranda<\/a><\/strong> al que super\u00f3 en todas las facetas de juego. La quinta derrota de la temporada aparca la competici\u00f3n dando paso a la <strong><a href=\"https:\/\/www.rfebm.com\/competiciones\/competicion.php?seleccion=0&amp;id_categoria=200013&amp;id_competicion=208242&amp;id_temp=2425&amp;id_ambito=1&amp;id_territorial=9999\">Copa del Rey<\/a><\/strong>.<\/p>\n\n\n\n<figure class=\"wp-block-image size-large\"><a href=\"https:\/\/multiriber.com\/\"><img loading=\"lazy\" decoding=\"async\" width=\"1024\" height=\"234\" src=\"https:\/\/www.duerodeporte.com\/wp-content\/uploads\/2024\/07\/multiriber.fw_-1024x234.png\" alt=\"\" class=\"wp-image-4730\" srcset=\"https:\/\/www.duerodeporte.com\/wp-content\/uploads\/2024\/07\/multiriber.fw_-1024x234.png 1024w, https:\/\/www.duerodeporte.com\/wp-content\/uploads\/2024\/07\/multiriber.fw_-300x69.png 300w, https:\/\/www.duerodeporte.com\/wp-content\/uploads\/2024\/07\/multiriber.fw_-768x176.png 768w, https:\/\/www.duerodeporte.com\/wp-content\/uploads\/2024\/07\/multiriber.fw_-1536x351.png 1536w, https:\/\/www.duerodeporte.com\/wp-content\/uploads\/2024\/07\/multiriber.fw_-696x159.png 696w, https:\/\/www.duerodeporte.com\/wp-content\/uploads\/2024\/07\/multiriber.fw_-1068x244.png 1068w, https:\/\/www.duerodeporte.com\/wp-content\/uploads\/2024\/07\/multiriber.fw_.png 1845w\" sizes=\"auto, (max-width: 1024px) 100vw, 1024px\" \/><\/a><\/figure>\n\n\n\n<p>El partido dur\u00f3 el tiempo que <strong>tardaron los vallesanos en encajar sus piezas<\/strong>, aterrizar en el Santiago Mangu\u00e1n y esperar los errores de una escuadra amarilla sobrexcitada y superada por la situaci\u00f3n. A pesar de todo, el <strong>pundonor de los de Javi M\u00e1rquez <\/strong>permiti\u00f3 ver a un equipo s\u00f3lido y como alternativa en el marcador durante gran parte del primer acto sobre el 40&#215;20 en la pista del Santiago Mangu\u00e1n.<\/p>\n\n\n\n<p><strong>Del 1-3 se pasar\u00eda a un esperanzador 5-3 con el que los amarillos mostraban parte de su ambici\u00f3n <\/strong>ante uno de los equipos m\u00e1s completos de la categor\u00eda. Al ecuador se llegar\u00eda con m\u00e1xima igualdad (<strong>8-8<\/strong>) Pero fue a partir de ese instante cuando los de Antonio Rama aceleraron en su propuesta de un balonmano m\u00e1s din\u00e1mico para mandar el partido a un preocupante <strong>10-14<\/strong>. Javi M\u00e1rquez par\u00f3 el partido con el primer <strong>tiempo muerto<\/strong> del encuentro. Hab\u00eda que retocar y ajustar el juego.<\/p>\n\n\n\n<p>Pero la desventaja de cuatro goles m\u00e1s all\u00e1 de menguar aumentar\u00eda con un <strong>Tubos Aranda que se atasc\u00f3 en ataque<\/strong> marrando dos acciones que dieron oportunidad a los de Rama para aumentar la ventaja a un <strong>12-19 que comenzaba a dibujar el guion<\/strong> de un partido que pod\u00eda tener lugar pero nadie quer\u00eda creer. Poco m\u00e1s para una primera mitad que se acab\u00f3 cerrando con el maquillaje amarillo para el <strong>14-19<\/strong>.<\/p>\n\n\n\n<figure class=\"wp-block-embed is-type-rich is-provider-twitter wp-block-embed-twitter\"><div class=\"wp-block-embed__wrapper\">\n<blockquote class=\"twitter-tweet\" data-width=\"550\" data-dnt=\"true\"><p lang=\"es\" dir=\"ltr\">\ud83d\udfe0 BALONMANO <a href=\"https:\/\/twitter.com\/hashtag\/D%C3%8DADEPARTIDO?src=hash&amp;ref_src=twsrc%5Etfw\">#D\u00cdADEPARTIDO<\/a><br><br>\ud83e\udd3e\ud83c\udffb\u200d\u2642\ufe0f DESCANSO con desventaja de 5\ufe0f\u20e3 goles y homenaje <a href=\"https:\/\/twitter.com\/BomberosAranda?ref_src=twsrc%5Etfw\">@BomberosAranda<\/a> tras su t\u00edtulo de <a href=\"https:\/\/twitter.com\/EPFGassociation?ref_src=twsrc%5Etfw\">@EPFGassociation<\/a><br> <br>\ud83d\udfe1\ud83d\udfe1 <a href=\"https:\/\/twitter.com\/bmvillaaranda?ref_src=twsrc%5Etfw\">@bmvillaaranda<\/a> 1\ufe0f\u20e34\ufe0f\u20e3<br>\u26ab\u26ab <a href=\"https:\/\/twitter.com\/BMGranollers?ref_src=twsrc%5Etfw\">@BMGranollers<\/a> 1\ufe0f\u20e39\ufe0f\u20e3<br><br>\u27a1\ufe0f 7\ufe0f\u20e3&#39; jr. <a href=\"https:\/\/twitter.com\/hashtag\/LigaPlenitude?src=hash&amp;ref_src=twsrc%5Etfw\">#LigaPlenitude<\/a> <a href=\"https:\/\/twitter.com\/ASOBAL?ref_src=twsrc%5Etfw\">@ASOBAL<\/a><br>\ud83c\udfdf\ufe0f Santiago Mangu\u00e1n<br><br>\ud83c\udfa6 <a href=\"https:\/\/t.co\/QxLvd9klfJ\">https:\/\/t.co\/QxLvd9klfJ<\/a> <a href=\"https:\/\/t.co\/0tej8oZ2D6\">pic.twitter.com\/0tej8oZ2D6<\/a><\/p>&mdash; Diego A. Mart\u00edn (@Diegoamartin13) <a href=\"https:\/\/twitter.com\/Diegoamartin13\/status\/1849894969630233028?ref_src=twsrc%5Etfw\">October 25, 2024<\/a><\/blockquote><script async src=\"https:\/\/platform.twitter.com\/widgets.js\" charset=\"utf-8\"><\/script>\n<\/div><\/figure>\n\n\n\n<h2 class=\"wp-block-heading\">Homenaje a los campeones de Europa<\/h2>\n\n\n\n<p>Antes del arranque de la segunda parte, el Villa de Aranda homenaje\u00f3 a los campeones de los<strong> <a href=\"https:\/\/www.duerodeporte.com\/index.php\/archivos\/6574\">Juegos Europeos de Polic\u00edas y Bomberos<\/a><\/strong>. Los integrantes de la <strong><a href=\"https:\/\/www.facebook.com\/bomberosaranda?locale=es_ES\">Asociaci\u00f3n Deportiva Bomberos de Aranda de Duero <\/a><\/strong>que superaron a los veteranos de Braga por 11-13. Un t\u00edtulo testimonial e hist\u00f3rico para el deporte del balonmano en Aranda de Duero.<\/p>\n\n\n\n<figure class=\"wp-block-image size-large\"><img loading=\"lazy\" decoding=\"async\" width=\"1024\" height=\"80\" src=\"https:\/\/www.duerodeporte.com\/wp-content\/uploads\/2024\/06\/2-2-1024x80.png\" alt=\"\" class=\"wp-image-3887\" srcset=\"https:\/\/www.duerodeporte.com\/wp-content\/uploads\/2024\/06\/2-2-1024x80.png 1024w, https:\/\/www.duerodeporte.com\/wp-content\/uploads\/2024\/06\/2-2-300x23.png 300w, https:\/\/www.duerodeporte.com\/wp-content\/uploads\/2024\/06\/2-2-768x60.png 768w, https:\/\/www.duerodeporte.com\/wp-content\/uploads\/2024\/06\/2-2-1536x120.png 1536w, https:\/\/www.duerodeporte.com\/wp-content\/uploads\/2024\/06\/2-2-696x54.png 696w, https:\/\/www.duerodeporte.com\/wp-content\/uploads\/2024\/06\/2-2-1068x83.png 1068w, https:\/\/www.duerodeporte.com\/wp-content\/uploads\/2024\/06\/2-2.png 1920w\" sizes=\"auto, (max-width: 1024px) 100vw, 1024px\" \/><\/figure>\n\n\n\n<p>En la segunda parte poco que contar tras el <strong>arranque dubitativo y err\u00e1tico<\/strong> de los de M\u00e1rquez que tras dos p\u00e9rdidas de bal\u00f3n propiciaron que Granollers se escapara definitivamente (<strong>15-23<\/strong>)<\/p>\n\n\n\n<p>El transcurrir de los minutos dio como siempre la oportunidad de <strong>navegar por el desierto y de seguir sumando experiencia <\/strong>y minutos en la m\u00e1xima categor\u00eda.<\/p>\n\n\n\n<h2 class=\"wp-block-heading\">Orgullo de una villa enamorada de su equipo<\/h2>\n\n\n\n<p>Y mientras en el 40&#215;20 todo comenzaba a estar decidido a pesar de la tibia <strong>reacci\u00f3n amarilla que acerc\u00f3 a los M\u00e1rquez a los 30-33 <\/strong>con gol de Arhur, en la grada comenzaba la fiesta de una localidad orgullosa m\u00e1s que nunca de su equipo. Los gritos de \u00e1nimo y los m\u00edticos c\u00e1nticos de <em><strong>Hasta el Final&#8230; Villa de Aranda<\/strong><\/em> mostraban el elixir de un club que va m\u00e1s all\u00e1 de un sentimiento. A pesar de la derrota la aldea resiste en Asobal. Maravilloso.<\/p>\n\n\n\n<figure class=\"wp-block-embed is-type-rich is-provider-twitter wp-block-embed-twitter\"><div class=\"wp-block-embed__wrapper\">\n<blockquote class=\"twitter-tweet\" data-width=\"550\" data-dnt=\"true\"><p lang=\"es\" dir=\"ltr\">\ud83d\udfe0 BALONMANO <a href=\"https:\/\/twitter.com\/hashtag\/D%C3%8DADEPARTIDO?src=hash&amp;ref_src=twsrc%5Etfw\">#D\u00cdADEPARTIDO<\/a><br><br>\ud83e\udd3e\ud83c\udffb\u200d\u2642\ufe0f Por cosas as\u00ed la afici\u00f3n <a href=\"https:\/\/twitter.com\/hashtag\/amarilla?src=hash&amp;ref_src=twsrc%5Etfw\">#amarilla<\/a> es una de las mejores de Espa\u00f1a<br> <br>\ud83d\udfe1\ud83d\udfe1 <a href=\"https:\/\/twitter.com\/bmvillaaranda?ref_src=twsrc%5Etfw\">@bmvillaaranda<\/a> 2\ufe0f\u20e38\ufe0f\u20e3<br>\u26ab\u26ab <a href=\"https:\/\/twitter.com\/BMGranollers?ref_src=twsrc%5Etfw\">@BMGranollers<\/a> 3\ufe0f\u20e33\ufe0f\u20e3<br><br>\u27a1\ufe0f 7\ufe0f\u20e3&#39; jr. <a href=\"https:\/\/twitter.com\/hashtag\/LigaPlenitude?src=hash&amp;ref_src=twsrc%5Etfw\">#LigaPlenitude<\/a> <a href=\"https:\/\/twitter.com\/ASOBAL?ref_src=twsrc%5Etfw\">@ASOBAL<\/a><br>\ud83c\udfdf\ufe0f Santiago Mangu\u00e1n<br><br>\ud83c\udfa6 <a href=\"https:\/\/t.co\/QxLvd9klfJ\">https:\/\/t.co\/QxLvd9klfJ<\/a> <a href=\"https:\/\/t.co\/pDh5OoTCuG\">pic.twitter.com\/pDh5OoTCuG<\/a><\/p>&mdash; Diego A. Mart\u00edn (@Diegoamartin13) <a href=\"https:\/\/twitter.com\/Diegoamartin13\/status\/1849903748975333773?ref_src=twsrc%5Etfw\">October 25, 2024<\/a><\/blockquote><script async src=\"https:\/\/platform.twitter.com\/widgets.js\" charset=\"utf-8\"><\/script>\n<\/div><\/figure>\n\n\n\n<p>El partido se cerr\u00f3 con un <strong>31-36<\/strong> que, a expensas del resto de resultados de la<strong> <a href=\"https:\/\/asobal.es\/liga\/resultados\/7\/\">7\u00aa jornada<\/a><\/strong>, mantiene pen\u00faltimos a los de las tierras del Duero. <strong>Ahora toca pensar en la Copa<\/strong>, el mi\u00e9rcoles visita a Ciudad Real para medirse a <strong>Caser\u00edo <\/strong>en la <strong>1\u00aa ronda<\/strong> del torneo del KO.<\/p>\n","protected":false},"excerpt":{"rendered":"<p>Granollers supera con claridad a un Tubos Aranda Villa de Aranda que supo aguantar durante pr\u00e1cticamente veinte minutos. Los errores de inicio en la segunda parte sentencian el partido. La [&hellip;]<\/p>\n","protected":false},"author":3,"featured_media":7013,"comment_status":"open","ping_status":"open","sticky":false,"template":"","format":"standard","meta":{"footnotes":""},"categories":[18,15],"tags":[],"class_list":["post-7010","post","type-post","status-publish","format-standard","has-post-thumbnail","category-balonmano","category-portada"],"yoast_head":"<!-- This site is optimized with the Yoast SEO plugin v27.5 - https:\/\/yoast.com\/product\/yoast-seo-wordpress\/ -->\r\n<title>Un hurac\u00e1n asola el Santiago Mangu\u00e1n frente al orgullo amarillo (31-36)<\/title>\r\n<meta name=\"description\" content=\"El Deporte de Aranda y las tierras del Duero\" \/>\r\n<meta name=\"robots\" content=\"index, follow, max-snippet:-1, max-image-preview:large, max-video-preview:-1\" \/>\r\n<link rel=\"canonical\" href=\"https:\/\/www.duerodeporte.com\/index.php\/archivos\/7010\" \/>\r\n<meta property=\"og:locale\" content=\"es_ES\" \/>\r\n<meta property=\"og:type\" content=\"article\" \/>\r\n<meta property=\"og:title\" content=\"Un hurac\u00e1n asola el Santiago Mangu\u00e1n frente al orgullo amarillo (31-36)\" \/>\r\n<meta property=\"og:description\" content=\"El Deporte de Aranda y las tierras del Duero\" \/>\r\n<meta property=\"og:url\" content=\"https:\/\/www.duerodeporte.com\/index.php\/archivos\/7010\" \/>\r\n<meta property=\"og:site_name\" content=\"Duero Deporte\" \/>\r\n<meta property=\"article:publisher\" content=\"https:\/\/www.facebook.com\/61555928375028\" \/>\r\n<meta property=\"article:published_time\" content=\"2024-10-26T20:10:58+00:00\" \/>\r\n<meta property=\"article:modified_time\" content=\"2024-10-28T23:49:40+00:00\" \/>\r\n<meta property=\"og:image\" content=\"https:\/\/www.duerodeporte.com\/wp-content\/uploads\/2024\/10\/532B2856-Angel-Arcalle-scaled.jpeg\" \/>\r\n\t<meta property=\"og:image:width\" content=\"2560\" \/>\r\n\t<meta property=\"og:image:height\" content=\"1707\" \/>\r\n\t<meta property=\"og:image:type\" content=\"image\/jpeg\" \/>\r\n<meta name=\"author\" content=\"Diego A. Mart\u00edn\" \/>\r\n<meta name=\"twitter:card\" content=\"summary_large_image\" \/>\r\n<meta name=\"twitter:creator\" content=\"@Diegoamartin13\" \/>\r\n<meta name=\"twitter:site\" content=\"@Diegoamartin13\" \/>\r\n<meta name=\"twitter:label1\" content=\"Escrito por\" \/>\n\t<meta name=\"twitter:data1\" content=\"Diego A. Mart\u00edn\" \/>\n\t<meta name=\"twitter:label2\" content=\"Tiempo de lectura\" \/>\n\t<meta name=\"twitter:data2\" content=\"4 minutos\" \/>\r\n<script type=\"application\/ld+json\" class=\"yoast-schema-graph\">{\"@context\":\"https:\\\/\\\/schema.org\",\"@graph\":[{\"@type\":[\"Article\",\"SocialMediaPosting\"],\"@id\":\"https:\\\/\\\/www.duerodeporte.com\\\/index.php\\\/archivos\\\/7010#article\",\"isPartOf\":{\"@id\":\"https:\\\/\\\/www.duerodeporte.com\\\/index.php\\\/archivos\\\/7010\"},\"author\":{\"name\":\"Diego A. Mart\u00edn\",\"@id\":\"https:\\\/\\\/www.duerodeporte.com\\\/#\\\/schema\\\/person\\\/5f3368966f635b5ae0d23ffaf7a7f894\"},\"headline\":\"Un hurac\u00e1n asola el Santiago Mangu\u00e1n frente al orgullo amarillo (31-36)\",\"datePublished\":\"2024-10-26T20:10:58+00:00\",\"dateModified\":\"2024-10-28T23:49:40+00:00\",\"mainEntityOfPage\":{\"@id\":\"https:\\\/\\\/www.duerodeporte.com\\\/index.php\\\/archivos\\\/7010\"},\"wordCount\":648,\"commentCount\":0,\"publisher\":{\"@id\":\"https:\\\/\\\/www.duerodeporte.com\\\/#organization\"},\"image\":{\"@id\":\"https:\\\/\\\/www.duerodeporte.com\\\/index.php\\\/archivos\\\/7010#primaryimage\"},\"thumbnailUrl\":\"https:\\\/\\\/www.duerodeporte.com\\\/wp-content\\\/uploads\\\/2024\\\/10\\\/532B2856-Angel-Arcalle-scaled.jpeg\",\"articleSection\":[\"BALONMANO\",\"z_PORTADA\"],\"inLanguage\":\"es\",\"potentialAction\":[{\"@type\":\"CommentAction\",\"name\":\"Comment\",\"target\":[\"https:\\\/\\\/www.duerodeporte.com\\\/index.php\\\/archivos\\\/7010#respond\"]}]},{\"@type\":[\"WebPage\",\"ItemPage\"],\"@id\":\"https:\\\/\\\/www.duerodeporte.com\\\/index.php\\\/archivos\\\/7010\",\"url\":\"https:\\\/\\\/www.duerodeporte.com\\\/index.php\\\/archivos\\\/7010\",\"name\":\"Un hurac\u00e1n asola el Santiago Mangu\u00e1n frente al orgullo amarillo (31-36)\",\"isPartOf\":{\"@id\":\"https:\\\/\\\/www.duerodeporte.com\\\/#website\"},\"primaryImageOfPage\":{\"@id\":\"https:\\\/\\\/www.duerodeporte.com\\\/index.php\\\/archivos\\\/7010#primaryimage\"},\"image\":{\"@id\":\"https:\\\/\\\/www.duerodeporte.com\\\/index.php\\\/archivos\\\/7010#primaryimage\"},\"thumbnailUrl\":\"https:\\\/\\\/www.duerodeporte.com\\\/wp-content\\\/uploads\\\/2024\\\/10\\\/532B2856-Angel-Arcalle-scaled.jpeg\",\"datePublished\":\"2024-10-26T20:10:58+00:00\",\"dateModified\":\"2024-10-28T23:49:40+00:00\",\"description\":\"El Deporte de Aranda y las tierras del Duero\",\"breadcrumb\":{\"@id\":\"https:\\\/\\\/www.duerodeporte.com\\\/index.php\\\/archivos\\\/7010#breadcrumb\"},\"inLanguage\":\"es\",\"potentialAction\":[{\"@type\":\"ReadAction\",\"target\":[\"https:\\\/\\\/www.duerodeporte.com\\\/index.php\\\/archivos\\\/7010\"]}]},{\"@type\":\"ImageObject\",\"inLanguage\":\"es\",\"@id\":\"https:\\\/\\\/www.duerodeporte.com\\\/index.php\\\/archivos\\\/7010#primaryimage\",\"url\":\"https:\\\/\\\/www.duerodeporte.com\\\/wp-content\\\/uploads\\\/2024\\\/10\\\/532B2856-Angel-Arcalle-scaled.jpeg\",\"contentUrl\":\"https:\\\/\\\/www.duerodeporte.com\\\/wp-content\\\/uploads\\\/2024\\\/10\\\/532B2856-Angel-Arcalle-scaled.jpeg\",\"width\":2560,\"height\":1707,\"caption\":\"Antonio Garc\u00eda fue uno de los goleadores de Granollers. \\\/ Arcalle (Villa de Aranda)\"},{\"@type\":\"BreadcrumbList\",\"@id\":\"https:\\\/\\\/www.duerodeporte.com\\\/index.php\\\/archivos\\\/7010#breadcrumb\",\"itemListElement\":[{\"@type\":\"ListItem\",\"position\":1,\"name\":\"Portada\",\"item\":\"https:\\\/\\\/www.duerodeporte.com\\\/\"},{\"@type\":\"ListItem\",\"position\":2,\"name\":\"Un hurac\u00e1n asola el Santiago Mangu\u00e1n frente al orgullo amarillo (31-36)\"}]},{\"@type\":\"WebSite\",\"@id\":\"https:\\\/\\\/www.duerodeporte.com\\\/#website\",\"url\":\"https:\\\/\\\/www.duerodeporte.com\\\/\",\"name\":\"Duero Deporte\",\"description\":\"El Deporte de Aranda y las tierras del Duero\",\"publisher\":{\"@id\":\"https:\\\/\\\/www.duerodeporte.com\\\/#organization\"},\"alternateName\":\"El Deporte de Aranda y las tierras del Duero\",\"potentialAction\":[{\"@type\":\"SearchAction\",\"target\":{\"@type\":\"EntryPoint\",\"urlTemplate\":\"https:\\\/\\\/www.duerodeporte.com\\\/?s={search_term_string}\"},\"query-input\":{\"@type\":\"PropertyValueSpecification\",\"valueRequired\":true,\"valueName\":\"search_term_string\"}}],\"inLanguage\":\"es\"},{\"@type\":\"Organization\",\"@id\":\"https:\\\/\\\/www.duerodeporte.com\\\/#organization\",\"name\":\"Duero Deporte\",\"alternateName\":\"El Deporte de Aranda y las tierras del Duero\",\"url\":\"https:\\\/\\\/www.duerodeporte.com\\\/\",\"logo\":{\"@type\":\"ImageObject\",\"inLanguage\":\"es\",\"@id\":\"https:\\\/\\\/www.duerodeporte.com\\\/#\\\/schema\\\/logo\\\/image\\\/\",\"url\":\"https:\\\/\\\/www.duerodeporte.com\\\/wp-content\\\/uploads\\\/2023\\\/11\\\/A.ColorSinFondo-e1708011627555.png\",\"contentUrl\":\"https:\\\/\\\/www.duerodeporte.com\\\/wp-content\\\/uploads\\\/2023\\\/11\\\/A.ColorSinFondo-e1708011627555.png\",\"width\":750,\"height\":132,\"caption\":\"Duero Deporte\"},\"image\":{\"@id\":\"https:\\\/\\\/www.duerodeporte.com\\\/#\\\/schema\\\/logo\\\/image\\\/\"},\"sameAs\":[\"https:\\\/\\\/www.facebook.com\\\/61555928375028\",\"https:\\\/\\\/x.com\\\/Diegoamartin13\",\"https:\\\/\\\/www.youtube.com\\\/channel\\\/UCxIGQL8b9gmW-NjaChabCdA\"]},{\"@type\":\"Person\",\"@id\":\"https:\\\/\\\/www.duerodeporte.com\\\/#\\\/schema\\\/person\\\/5f3368966f635b5ae0d23ffaf7a7f894\",\"name\":\"Diego A. Mart\u00edn\",\"image\":{\"@type\":\"ImageObject\",\"inLanguage\":\"es\",\"@id\":\"https:\\\/\\\/www.duerodeporte.com\\\/wp-content\\\/uploads\\\/2024\\\/01\\\/Diego2-e1706522808572-150x150.jpeg\",\"url\":\"https:\\\/\\\/www.duerodeporte.com\\\/wp-content\\\/uploads\\\/2024\\\/01\\\/Diego2-e1706522808572-150x150.jpeg\",\"contentUrl\":\"https:\\\/\\\/www.duerodeporte.com\\\/wp-content\\\/uploads\\\/2024\\\/01\\\/Diego2-e1706522808572-150x150.jpeg\",\"caption\":\"Diego A. Mart\u00edn\"},\"url\":\"https:\\\/\\\/www.duerodeporte.com\\\/index.php\\\/archivos\\\/author\\\/diego\"}]}<\/script>\r\n<!-- \/ Yoast SEO plugin. -->","yoast_head_json":{"title":"Un hurac\u00e1n asola el Santiago Mangu\u00e1n frente al orgullo amarillo (31-36)","description":"El Deporte de Aranda y las tierras del Duero","robots":{"index":"index","follow":"follow","max-snippet":"max-snippet:-1","max-image-preview":"max-image-preview:large","max-video-preview":"max-video-preview:-1"},"canonical":"https:\/\/www.duerodeporte.com\/index.php\/archivos\/7010","og_locale":"es_ES","og_type":"article","og_title":"Un hurac\u00e1n asola el Santiago Mangu\u00e1n frente al orgullo amarillo (31-36)","og_description":"El Deporte de Aranda y las tierras del Duero","og_url":"https:\/\/www.duerodeporte.com\/index.php\/archivos\/7010","og_site_name":"Duero Deporte","article_publisher":"https:\/\/www.facebook.com\/61555928375028","article_published_time":"2024-10-26T20:10:58+00:00","article_modified_time":"2024-10-28T23:49:40+00:00","og_image":[{"width":2560,"height":1707,"url":"https:\/\/www.duerodeporte.com\/wp-content\/uploads\/2024\/10\/532B2856-Angel-Arcalle-scaled.jpeg","type":"image\/jpeg"}],"author":"Diego A. Mart\u00edn","twitter_card":"summary_large_image","twitter_creator":"@Diegoamartin13","twitter_site":"@Diegoamartin13","twitter_misc":{"Escrito por":"Diego A. Mart\u00edn","Tiempo de lectura":"4 minutos"},"schema":{"@context":"https:\/\/schema.org","@graph":[{"@type":["Article","SocialMediaPosting"],"@id":"https:\/\/www.duerodeporte.com\/index.php\/archivos\/7010#article","isPartOf":{"@id":"https:\/\/www.duerodeporte.com\/index.php\/archivos\/7010"},"author":{"name":"Diego A. Mart\u00edn","@id":"https:\/\/www.duerodeporte.com\/#\/schema\/person\/5f3368966f635b5ae0d23ffaf7a7f894"},"headline":"Un hurac\u00e1n asola el Santiago Mangu\u00e1n frente al orgullo amarillo (31-36)","datePublished":"2024-10-26T20:10:58+00:00","dateModified":"2024-10-28T23:49:40+00:00","mainEntityOfPage":{"@id":"https:\/\/www.duerodeporte.com\/index.php\/archivos\/7010"},"wordCount":648,"commentCount":0,"publisher":{"@id":"https:\/\/www.duerodeporte.com\/#organization"},"image":{"@id":"https:\/\/www.duerodeporte.com\/index.php\/archivos\/7010#primaryimage"},"thumbnailUrl":"https:\/\/www.duerodeporte.com\/wp-content\/uploads\/2024\/10\/532B2856-Angel-Arcalle-scaled.jpeg","articleSection":["BALONMANO","z_PORTADA"],"inLanguage":"es","potentialAction":[{"@type":"CommentAction","name":"Comment","target":["https:\/\/www.duerodeporte.com\/index.php\/archivos\/7010#respond"]}]},{"@type":["WebPage","ItemPage"],"@id":"https:\/\/www.duerodeporte.com\/index.php\/archivos\/7010","url":"https:\/\/www.duerodeporte.com\/index.php\/archivos\/7010","name":"Un hurac\u00e1n asola el Santiago Mangu\u00e1n frente al orgullo amarillo (31-36)","isPartOf":{"@id":"https:\/\/www.duerodeporte.com\/#website"},"primaryImageOfPage":{"@id":"https:\/\/www.duerodeporte.com\/index.php\/archivos\/7010#primaryimage"},"image":{"@id":"https:\/\/www.duerodeporte.com\/index.php\/archivos\/7010#primaryimage"},"thumbnailUrl":"https:\/\/www.duerodeporte.com\/wp-content\/uploads\/2024\/10\/532B2856-Angel-Arcalle-scaled.jpeg","datePublished":"2024-10-26T20:10:58+00:00","dateModified":"2024-10-28T23:49:40+00:00","description":"El Deporte de Aranda y las tierras del Duero","breadcrumb":{"@id":"https:\/\/www.duerodeporte.com\/index.php\/archivos\/7010#breadcrumb"},"inLanguage":"es","potentialAction":[{"@type":"ReadAction","target":["https:\/\/www.duerodeporte.com\/index.php\/archivos\/7010"]}]},{"@type":"ImageObject","inLanguage":"es","@id":"https:\/\/www.duerodeporte.com\/index.php\/archivos\/7010#primaryimage","url":"https:\/\/www.duerodeporte.com\/wp-content\/uploads\/2024\/10\/532B2856-Angel-Arcalle-scaled.jpeg","contentUrl":"https:\/\/www.duerodeporte.com\/wp-content\/uploads\/2024\/10\/532B2856-Angel-Arcalle-scaled.jpeg","width":2560,"height":1707,"caption":"Antonio Garc\u00eda fue uno de los goleadores de Granollers. \/ Arcalle (Villa de Aranda)"},{"@type":"BreadcrumbList","@id":"https:\/\/www.duerodeporte.com\/index.php\/archivos\/7010#breadcrumb","itemListElement":[{"@type":"ListItem","position":1,"name":"Portada","item":"https:\/\/www.duerodeporte.com\/"},{"@type":"ListItem","position":2,"name":"Un hurac\u00e1n asola el Santiago Mangu\u00e1n frente al orgullo amarillo (31-36)"}]},{"@type":"WebSite","@id":"https:\/\/www.duerodeporte.com\/#website","url":"https:\/\/www.duerodeporte.com\/","name":"Duero Deporte","description":"El Deporte de Aranda y las tierras del Duero","publisher":{"@id":"https:\/\/www.duerodeporte.com\/#organization"},"alternateName":"El Deporte de Aranda y las tierras del Duero","potentialAction":[{"@type":"SearchAction","target":{"@type":"EntryPoint","urlTemplate":"https:\/\/www.duerodeporte.com\/?s={search_term_string}"},"query-input":{"@type":"PropertyValueSpecification","valueRequired":true,"valueName":"search_term_string"}}],"inLanguage":"es"},{"@type":"Organization","@id":"https:\/\/www.duerodeporte.com\/#organization","name":"Duero Deporte","alternateName":"El Deporte de Aranda y las tierras del Duero","url":"https:\/\/www.duerodeporte.com\/","logo":{"@type":"ImageObject","inLanguage":"es","@id":"https:\/\/www.duerodeporte.com\/#\/schema\/logo\/image\/","url":"https:\/\/www.duerodeporte.com\/wp-content\/uploads\/2023\/11\/A.ColorSinFondo-e1708011627555.png","contentUrl":"https:\/\/www.duerodeporte.com\/wp-content\/uploads\/2023\/11\/A.ColorSinFondo-e1708011627555.png","width":750,"height":132,"caption":"Duero Deporte"},"image":{"@id":"https:\/\/www.duerodeporte.com\/#\/schema\/logo\/image\/"},"sameAs":["https:\/\/www.facebook.com\/61555928375028","https:\/\/x.com\/Diegoamartin13","https:\/\/www.youtube.com\/channel\/UCxIGQL8b9gmW-NjaChabCdA"]},{"@type":"Person","@id":"https:\/\/www.duerodeporte.com\/#\/schema\/person\/5f3368966f635b5ae0d23ffaf7a7f894","name":"Diego A. Mart\u00edn","image":{"@type":"ImageObject","inLanguage":"es","@id":"https:\/\/www.duerodeporte.com\/wp-content\/uploads\/2024\/01\/Diego2-e1706522808572-150x150.jpeg","url":"https:\/\/www.duerodeporte.com\/wp-content\/uploads\/2024\/01\/Diego2-e1706522808572-150x150.jpeg","contentUrl":"https:\/\/www.duerodeporte.com\/wp-content\/uploads\/2024\/01\/Diego2-e1706522808572-150x150.jpeg","caption":"Diego A. Mart\u00edn"},"url":"https:\/\/www.duerodeporte.com\/index.php\/archivos\/author\/diego"}]}},"views":670,"_links":{"self":[{"href":"https:\/\/www.duerodeporte.com\/index.php\/wp-json\/wp\/v2\/posts\/7010","targetHints":{"allow":["GET"]}}],"collection":[{"href":"https:\/\/www.duerodeporte.com\/index.php\/wp-json\/wp\/v2\/posts"}],"about":[{"href":"https:\/\/www.duerodeporte.com\/index.php\/wp-json\/wp\/v2\/types\/post"}],"author":[{"embeddable":true,"href":"https:\/\/www.duerodeporte.com\/index.php\/wp-json\/wp\/v2\/users\/3"}],"replies":[{"embeddable":true,"href":"https:\/\/www.duerodeporte.com\/index.php\/wp-json\/wp\/v2\/comments?post=7010"}],"version-history":[{"count":12,"href":"https:\/\/www.duerodeporte.com\/index.php\/wp-json\/wp\/v2\/posts\/7010\/revisions"}],"predecessor-version":[{"id":7027,"href":"https:\/\/www.duerodeporte.com\/index.php\/wp-json\/wp\/v2\/posts\/7010\/revisions\/7027"}],"wp:featuredmedia":[{"embeddable":true,"href":"https:\/\/www.duerodeporte.com\/index.php\/wp-json\/wp\/v2\/media\/7013"}],"wp:attachment":[{"href":"https:\/\/www.duerodeporte.com\/index.php\/wp-json\/wp\/v2\/media?parent=7010"}],"wp:term":[{"taxonomy":"category","embeddable":true,"href":"https:\/\/www.duerodeporte.com\/index.php\/wp-json\/wp\/v2\/categories?post=7010"},{"taxonomy":"post_tag","embeddable":true,"href":"https:\/\/www.duerodeporte.com\/index.php\/wp-json\/wp\/v2\/tags?post=7010"}],"curies":[{"name":"wp","href":"https:\/\/api.w.org\/{rel}","templated":true}]}}