{"id":7215,"date":"2024-11-02T22:22:05","date_gmt":"2024-11-02T21:22:05","guid":{"rendered":"https:\/\/www.duerodeporte.com\/?p=7215"},"modified":"2024-11-03T00:15:03","modified_gmt":"2024-11-02T23:15:03","slug":"agonico-triunfo-de-los-erizos-rudos-tras-resolver-ante-espanya-en-los-penaltis-3-1","status":"publish","type":"post","link":"https:\/\/www.duerodeporte.com\/index.php\/archivos\/7215","title":{"rendered":"Ag\u00f3nico triunfo de los Erizos Rudos tras resolver ante Espanya en los penaltis (3-1)"},"content":{"rendered":"\n<h2 class=\"wp-block-heading\">Los azulones suman el tercer triunfo consecutivo en su debut en Liga \u00c9lite y siguen sorprendiendo a sus rivales. Postigo igual\u00f3 antes del final (1-1) para mandar el partido a la pr\u00f3rroga. La muerte s\u00fabita de los penaltis decant\u00f3 la balanza para los de las tierras del Duero (3-1) Aranda se vuelca y ofrece alimentos para Valencia en la previa del encuentro, cuya taquilla tambi\u00e9n ser\u00e1 donada a los afectados por la DANA de Valencia<\/h2>\n\n\n\n<p>El estreno de los <strong><a href=\"https:\/\/www.instagram.com\/chl_aranda_de_duero\/?hl=es\">Erizos Rudos<\/a><\/strong> en la m\u00e1xima categor\u00eda del Hockey L\u00ednea nacional va para nota. <strong>Tercer triunfo de la temporada<\/strong> para los azulones que se mantienen <strong>invictos <\/strong>y como gran <strong>revelaci\u00f3n <\/strong>de la Liga \u00c9lite. Una muestra m\u00e1s de ello la<strong> \u00e9pica victoria ante<a href=\"https:\/\/www.instagram.com\/espanyahc\/?hl=es\"> Espanya<\/a> en la tanda de penaltis <\/strong>(<strong>3-1<\/strong>) con una cancha de Prado Sport abarrotada y entregada que vibr\u00f3 una tarde m\u00e1s con los suyos.<\/p>\n\n\n\n<figure class=\"wp-block-image size-large\"><a href=\"https:\/\/whatsapp.com\/channel\/0029VaKr9Jr5kg76tHjXkZ2b\"><img loading=\"lazy\" decoding=\"async\" width=\"1024\" height=\"80\" src=\"https:\/\/www.duerodeporte.com\/wp-content\/uploads\/2024\/06\/2-2-1024x80.png\" alt=\"\" class=\"wp-image-3887\" srcset=\"https:\/\/www.duerodeporte.com\/wp-content\/uploads\/2024\/06\/2-2-1024x80.png 1024w, https:\/\/www.duerodeporte.com\/wp-content\/uploads\/2024\/06\/2-2-300x23.png 300w, https:\/\/www.duerodeporte.com\/wp-content\/uploads\/2024\/06\/2-2-768x60.png 768w, https:\/\/www.duerodeporte.com\/wp-content\/uploads\/2024\/06\/2-2-1536x120.png 1536w, https:\/\/www.duerodeporte.com\/wp-content\/uploads\/2024\/06\/2-2-696x54.png 696w, https:\/\/www.duerodeporte.com\/wp-content\/uploads\/2024\/06\/2-2-1068x83.png 1068w, https:\/\/www.duerodeporte.com\/wp-content\/uploads\/2024\/06\/2-2.png 1920w\" sizes=\"auto, (max-width: 1024px) 100vw, 1024px\" \/><\/a><\/figure>\n\n\n\n<p>El primer tiempo se cerrar\u00eda con desventaja (<strong>0-1<\/strong>) tras el dominio en ataque de los mallorquines, que supieron rentabilizarlo con el tanto de Tom\u00e1s Palou (minuto 15) Gran protagonista para el portero arandino.<\/p>\n\n\n\n<h2 class=\"wp-block-heading\">Kilos de ayuda para Valencia<\/h2>\n\n\n\n<p>Por otro lado, el encuentro sirvi\u00f3 tambi\u00e9n para demostrar el lado solidario de la sociedad arandina en general, y la <strong>afici\u00f3n de los Erizos Rudos <\/strong>en particular, que respondieron al llamamiento de club para ofrecer <strong>alimentos y enseres para los damnificados por la DANA de Valencia<\/strong>. Adem\u00e1s, el club tambi\u00e9n<strong> donar\u00e1, \u00edntegramente, la taquilla<\/strong> del encuentro ante los mallorquines.<\/p>\n\n\n\n<figure class=\"wp-block-embed is-type-rich is-provider-twitter wp-block-embed-twitter\"><div class=\"wp-block-embed__wrapper\">\n<blockquote class=\"twitter-tweet\" data-width=\"550\" data-dnt=\"true\"><p lang=\"es\" dir=\"ltr\">\ud83d\udfe0 HOCKEY L\u00cdNEA <a href=\"https:\/\/twitter.com\/hashtag\/D%C3%8DADEPARTIDO?src=hash&amp;ref_src=twsrc%5Etfw\">#D\u00cdADEPARTIDO<\/a><br><br>\ud83c\udfd2  DESCANSO con derrota <a href=\"https:\/\/twitter.com\/hashtag\/azulona?src=hash&amp;ref_src=twsrc%5Etfw\">#azulona<\/a> por la m\u00ednima en un duelo de gran intensidad <br> <br>\ud83d\udd35\ud83d\udd35 Hockey L\u00ednea Aranda 0\ufe0f\u20e3<br>\u26aa\ud83d\udd34 <a href=\"https:\/\/twitter.com\/espanyahc?ref_src=twsrc%5Etfw\">@espanyahc<\/a> 1\ufe0f\u20e3<br><br>\u27a1\ufe0f 3\ufe0f\u20e3&#39; jr. <a href=\"https:\/\/twitter.com\/hashtag\/Liga%C3%89lite?src=hash&amp;ref_src=twsrc%5Etfw\">#Liga\u00c9lite<\/a> <a href=\"https:\/\/twitter.com\/FedPatinaje?ref_src=twsrc%5Etfw\">@FedPatinaje<\/a><br>\ud83c\udfdf\ufe0f <a href=\"https:\/\/twitter.com\/PradoSport?ref_src=twsrc%5Etfw\">@PradoSport<\/a><br><br>\ud83c\udfa6 <a href=\"https:\/\/t.co\/QxLvd9klfJ\">https:\/\/t.co\/QxLvd9klfJ<\/a> <a href=\"https:\/\/t.co\/etgqMEYnUk\">pic.twitter.com\/etgqMEYnUk<\/a><\/p>&mdash; Diego A. Mart\u00edn (@Diegoamartin13) <a href=\"https:\/\/twitter.com\/Diegoamartin13\/status\/1852802621721002270?ref_src=twsrc%5Etfw\">November 2, 2024<\/a><\/blockquote><script async src=\"https:\/\/platform.twitter.com\/widgets.js\" charset=\"utf-8\"><\/script>\n<\/div><figcaption class=\"wp-element-caption\"><strong><a href=\"https:\/\/x.com\/Diegoamartin13\">@Diegoamartin13<\/a><\/strong><\/figcaption><\/figure>\n\n\n\n<h2 class=\"wp-block-heading\">Remontada y victoria en penaltis<\/h2>\n\n\n\n<p>Tras el paso por los vestuarios, les cost\u00f3 a los de Jorge Collantes hacer el tanto del empate. Una igualdad que se encargar\u00eda de materializar <em><strong>Posti <\/strong><\/em>a falta de 13 minutos para el final (<strong>1-1<\/strong>) Los arandinos se aseguraban de nuevo la pr\u00f3rroga como en las dos jornadas anteriores. Y as\u00ed, con el pundonor de un equipo que se ha convertido en la revelaci\u00f3n de la temporada, los azulones alcanzar\u00edan la pr\u00f3rroga.<\/p>\n\n\n\n<p>En el tiempo extra ninguna de las dos escuadras lograr\u00eda mover el marcador dando paso a la<strong> tanda de penaltis<\/strong> para dilucidar quien se llevar\u00eda el tercer punto en juego. Acertados,<strong> De la Cruz<\/strong>, primero, y <strong>Mas<\/strong>, despu\u00e9s, propiciaron el<strong> 3-1 definitivo<\/strong> despu\u00e9s que los mallorquines marraran sus dos lanzamientos.<\/p>\n\n\n\n<figure class=\"wp-block-embed is-type-rich is-provider-twitter wp-block-embed-twitter\"><div class=\"wp-block-embed__wrapper\">\n<blockquote class=\"twitter-tweet\" data-width=\"550\" data-dnt=\"true\"><p lang=\"es\" dir=\"ltr\">\ud83d\udfe0 HOCKEY L\u00cdNEA <a href=\"https:\/\/twitter.com\/hashtag\/D%C3%8DADEPARTIDO?src=hash&amp;ref_src=twsrc%5Etfw\">#D\u00cdADEPARTIDO<\/a><br><br>\ud83c\udfd2  FINAL con remontada \u00e9pica de Hockey L\u00ednea Aranda tras tanda de penaltis 3-1 definitivo<br> <br>\ud83d\udd35\ud83d\udd35 Hockey L\u00ednea Aranda 1\ufe0f\u20e3 (2\ufe0f\u20e3)<br>\u26aa\ud83d\udd34 <a href=\"https:\/\/twitter.com\/espanyahc?ref_src=twsrc%5Etfw\">@espanyahc<\/a> 1\ufe0f\u20e3 (0\ufe0f\u20e3)<br><br>\ud83d\udcca Resultados 3\ufe0f\u20e3&#39; jr. <a href=\"https:\/\/twitter.com\/hashtag\/Liga%C3%89lite?src=hash&amp;ref_src=twsrc%5Etfw\">#Liga\u00c9lite<\/a> <a href=\"https:\/\/twitter.com\/FedPatinaje?ref_src=twsrc%5Etfw\">@FedPatinaje<\/a>: <a href=\"https:\/\/t.co\/ffC8a6cwxY\">https:\/\/t.co\/ffC8a6cwxY<\/a><br><br>\ud83c\udfa6 <a href=\"https:\/\/t.co\/QxLvd9kT5h\">https:\/\/t.co\/QxLvd9kT5h<\/a> <a href=\"https:\/\/t.co\/Ui2J7Nxnpb\">pic.twitter.com\/Ui2J7Nxnpb<\/a><\/p>&mdash; Diego A. Mart\u00edn (@Diegoamartin13) <a href=\"https:\/\/twitter.com\/Diegoamartin13\/status\/1852817782708351046?ref_src=twsrc%5Etfw\">November 2, 2024<\/a><\/blockquote><script async src=\"https:\/\/platform.twitter.com\/widgets.js\" charset=\"utf-8\"><\/script>\n<\/div><figcaption class=\"wp-element-caption\"><strong><a href=\"https:\/\/x.com\/Diegoamartin13\">@Diegoamartin13<\/a><\/strong><\/figcaption><\/figure>\n\n\n\n<p>Con esta nueva victoria el Club Hockey L\u00ednea Aranda suma ya <strong>seis puntos <\/strong>y se coloca en la <strong>3\u00aa posici\u00f3n del Campeonato <\/strong>solo por detr\u00e1s de Valladolid, l\u00edder (7 puntos) y Molina (6 puntos) con mejor average que los de las tierras del Duero. La pr\u00f3xima semana visita <strong>Las Rozas<\/strong> para medirse a Jokers en otro exigente encuentro.<\/p>\n","protected":false},"excerpt":{"rendered":"<p>Los azulones suman el tercer triunfo consecutivo en su debut en Liga \u00c9lite y siguen sorprendiendo a sus rivales. Postigo igual\u00f3 antes del final (1-1) para mandar el partido a [&hellip;]<\/p>\n","protected":false},"author":3,"featured_media":7216,"comment_status":"open","ping_status":"open","sticky":false,"template":"","format":"standard","meta":{"footnotes":""},"categories":[46,15],"tags":[],"class_list":["post-7215","post","type-post","status-publish","format-standard","has-post-thumbnail","category-hockey","category-portada"],"yoast_head":"<!-- This site is optimized with the Yoast SEO plugin v27.5 - https:\/\/yoast.com\/product\/yoast-seo-wordpress\/ -->\r\n<title>Ag\u00f3nico triunfo de los Erizos Rudos tras resolver ante Espanya en los penaltis (3-1)<\/title>\r\n<meta name=\"description\" content=\"El Deporte de Aranda y las tierras del Duero\" \/>\r\n<meta name=\"robots\" content=\"index, follow, max-snippet:-1, max-image-preview:large, max-video-preview:-1\" \/>\r\n<link rel=\"canonical\" href=\"https:\/\/www.duerodeporte.com\/index.php\/archivos\/7215\" \/>\r\n<meta property=\"og:locale\" content=\"es_ES\" \/>\r\n<meta property=\"og:type\" content=\"article\" \/>\r\n<meta property=\"og:title\" content=\"Ag\u00f3nico triunfo de los Erizos Rudos tras resolver ante Espanya en los penaltis (3-1)\" \/>\r\n<meta property=\"og:description\" content=\"El Deporte de Aranda y las tierras del Duero\" \/>\r\n<meta property=\"og:url\" content=\"https:\/\/www.duerodeporte.com\/index.php\/archivos\/7215\" \/>\r\n<meta property=\"og:site_name\" content=\"Duero Deporte\" \/>\r\n<meta property=\"article:publisher\" content=\"https:\/\/www.facebook.com\/61555928375028\" \/>\r\n<meta property=\"article:published_time\" content=\"2024-11-02T21:22:05+00:00\" \/>\r\n<meta property=\"article:modified_time\" content=\"2024-11-02T23:15:03+00:00\" \/>\r\n<meta property=\"og:image\" content=\"https:\/\/www.duerodeporte.com\/wp-content\/uploads\/2024\/11\/IMG_20241102_203614-scaled-e1730582900209.jpg\" \/>\r\n\t<meta property=\"og:image:width\" content=\"2261\" \/>\r\n\t<meta property=\"og:image:height\" content=\"1348\" \/>\r\n\t<meta property=\"og:image:type\" content=\"image\/jpeg\" \/>\r\n<meta name=\"author\" content=\"Diego A. Mart\u00edn\" \/>\r\n<meta name=\"twitter:card\" content=\"summary_large_image\" \/>\r\n<meta name=\"twitter:creator\" content=\"@Diegoamartin13\" \/>\r\n<meta name=\"twitter:site\" content=\"@Diegoamartin13\" \/>\r\n<meta name=\"twitter:label1\" content=\"Escrito por\" \/>\n\t<meta name=\"twitter:data1\" content=\"Diego A. Mart\u00edn\" \/>\n\t<meta name=\"twitter:label2\" content=\"Tiempo de lectura\" \/>\n\t<meta name=\"twitter:data2\" content=\"3 minutos\" \/>\r\n<script type=\"application\/ld+json\" class=\"yoast-schema-graph\">{\"@context\":\"https:\\\/\\\/schema.org\",\"@graph\":[{\"@type\":[\"Article\",\"SocialMediaPosting\"],\"@id\":\"https:\\\/\\\/www.duerodeporte.com\\\/index.php\\\/archivos\\\/7215#article\",\"isPartOf\":{\"@id\":\"https:\\\/\\\/www.duerodeporte.com\\\/index.php\\\/archivos\\\/7215\"},\"author\":{\"name\":\"Diego A. Mart\u00edn\",\"@id\":\"https:\\\/\\\/www.duerodeporte.com\\\/#\\\/schema\\\/person\\\/5f3368966f635b5ae0d23ffaf7a7f894\"},\"headline\":\"Ag\u00f3nico triunfo de los Erizos Rudos tras resolver ante Espanya en los penaltis (3-1)\",\"datePublished\":\"2024-11-02T21:22:05+00:00\",\"dateModified\":\"2024-11-02T23:15:03+00:00\",\"mainEntityOfPage\":{\"@id\":\"https:\\\/\\\/www.duerodeporte.com\\\/index.php\\\/archivos\\\/7215\"},\"wordCount\":478,\"commentCount\":0,\"publisher\":{\"@id\":\"https:\\\/\\\/www.duerodeporte.com\\\/#organization\"},\"image\":{\"@id\":\"https:\\\/\\\/www.duerodeporte.com\\\/index.php\\\/archivos\\\/7215#primaryimage\"},\"thumbnailUrl\":\"https:\\\/\\\/www.duerodeporte.com\\\/wp-content\\\/uploads\\\/2024\\\/11\\\/IMG_20241102_203614-scaled-e1730582900209.jpg\",\"articleSection\":[\"HOCKEY\",\"z_PORTADA\"],\"inLanguage\":\"es\",\"potentialAction\":[{\"@type\":\"CommentAction\",\"name\":\"Comment\",\"target\":[\"https:\\\/\\\/www.duerodeporte.com\\\/index.php\\\/archivos\\\/7215#respond\"]}]},{\"@type\":[\"WebPage\",\"ItemPage\"],\"@id\":\"https:\\\/\\\/www.duerodeporte.com\\\/index.php\\\/archivos\\\/7215\",\"url\":\"https:\\\/\\\/www.duerodeporte.com\\\/index.php\\\/archivos\\\/7215\",\"name\":\"Ag\u00f3nico triunfo de los Erizos Rudos tras resolver ante Espanya en los penaltis (3-1)\",\"isPartOf\":{\"@id\":\"https:\\\/\\\/www.duerodeporte.com\\\/#website\"},\"primaryImageOfPage\":{\"@id\":\"https:\\\/\\\/www.duerodeporte.com\\\/index.php\\\/archivos\\\/7215#primaryimage\"},\"image\":{\"@id\":\"https:\\\/\\\/www.duerodeporte.com\\\/index.php\\\/archivos\\\/7215#primaryimage\"},\"thumbnailUrl\":\"https:\\\/\\\/www.duerodeporte.com\\\/wp-content\\\/uploads\\\/2024\\\/11\\\/IMG_20241102_203614-scaled-e1730582900209.jpg\",\"datePublished\":\"2024-11-02T21:22:05+00:00\",\"dateModified\":\"2024-11-02T23:15:03+00:00\",\"description\":\"El Deporte de Aranda y las tierras del Duero\",\"breadcrumb\":{\"@id\":\"https:\\\/\\\/www.duerodeporte.com\\\/index.php\\\/archivos\\\/7215#breadcrumb\"},\"inLanguage\":\"es\",\"potentialAction\":[{\"@type\":\"ReadAction\",\"target\":[\"https:\\\/\\\/www.duerodeporte.com\\\/index.php\\\/archivos\\\/7215\"]}]},{\"@type\":\"ImageObject\",\"inLanguage\":\"es\",\"@id\":\"https:\\\/\\\/www.duerodeporte.com\\\/index.php\\\/archivos\\\/7215#primaryimage\",\"url\":\"https:\\\/\\\/www.duerodeporte.com\\\/wp-content\\\/uploads\\\/2024\\\/11\\\/IMG_20241102_203614-scaled-e1730582900209.jpg\",\"contentUrl\":\"https:\\\/\\\/www.duerodeporte.com\\\/wp-content\\\/uploads\\\/2024\\\/11\\\/IMG_20241102_203614-scaled-e1730582900209.jpg\",\"width\":2261,\"height\":1348,\"caption\":\"Una acci\u00f3n de partido entre los Erizos Rudos y Espanya en la cancha de Prado Sport. \\\/ duerodeporte.com\"},{\"@type\":\"BreadcrumbList\",\"@id\":\"https:\\\/\\\/www.duerodeporte.com\\\/index.php\\\/archivos\\\/7215#breadcrumb\",\"itemListElement\":[{\"@type\":\"ListItem\",\"position\":1,\"name\":\"Portada\",\"item\":\"https:\\\/\\\/www.duerodeporte.com\\\/\"},{\"@type\":\"ListItem\",\"position\":2,\"name\":\"Ag\u00f3nico triunfo de los Erizos Rudos tras resolver ante Espanya en los penaltis (3-1)\"}]},{\"@type\":\"WebSite\",\"@id\":\"https:\\\/\\\/www.duerodeporte.com\\\/#website\",\"url\":\"https:\\\/\\\/www.duerodeporte.com\\\/\",\"name\":\"Duero Deporte\",\"description\":\"El Deporte de Aranda y las tierras del Duero\",\"publisher\":{\"@id\":\"https:\\\/\\\/www.duerodeporte.com\\\/#organization\"},\"alternateName\":\"El Deporte de Aranda y las tierras del Duero\",\"potentialAction\":[{\"@type\":\"SearchAction\",\"target\":{\"@type\":\"EntryPoint\",\"urlTemplate\":\"https:\\\/\\\/www.duerodeporte.com\\\/?s={search_term_string}\"},\"query-input\":{\"@type\":\"PropertyValueSpecification\",\"valueRequired\":true,\"valueName\":\"search_term_string\"}}],\"inLanguage\":\"es\"},{\"@type\":\"Organization\",\"@id\":\"https:\\\/\\\/www.duerodeporte.com\\\/#organization\",\"name\":\"Duero Deporte\",\"alternateName\":\"El Deporte de Aranda y las tierras del Duero\",\"url\":\"https:\\\/\\\/www.duerodeporte.com\\\/\",\"logo\":{\"@type\":\"ImageObject\",\"inLanguage\":\"es\",\"@id\":\"https:\\\/\\\/www.duerodeporte.com\\\/#\\\/schema\\\/logo\\\/image\\\/\",\"url\":\"https:\\\/\\\/www.duerodeporte.com\\\/wp-content\\\/uploads\\\/2023\\\/11\\\/A.ColorSinFondo-e1708011627555.png\",\"contentUrl\":\"https:\\\/\\\/www.duerodeporte.com\\\/wp-content\\\/uploads\\\/2023\\\/11\\\/A.ColorSinFondo-e1708011627555.png\",\"width\":750,\"height\":132,\"caption\":\"Duero Deporte\"},\"image\":{\"@id\":\"https:\\\/\\\/www.duerodeporte.com\\\/#\\\/schema\\\/logo\\\/image\\\/\"},\"sameAs\":[\"https:\\\/\\\/www.facebook.com\\\/61555928375028\",\"https:\\\/\\\/x.com\\\/Diegoamartin13\",\"https:\\\/\\\/www.youtube.com\\\/channel\\\/UCxIGQL8b9gmW-NjaChabCdA\"]},{\"@type\":\"Person\",\"@id\":\"https:\\\/\\\/www.duerodeporte.com\\\/#\\\/schema\\\/person\\\/5f3368966f635b5ae0d23ffaf7a7f894\",\"name\":\"Diego A. Mart\u00edn\",\"image\":{\"@type\":\"ImageObject\",\"inLanguage\":\"es\",\"@id\":\"https:\\\/\\\/www.duerodeporte.com\\\/wp-content\\\/uploads\\\/2024\\\/01\\\/Diego2-e1706522808572-150x150.jpeg\",\"url\":\"https:\\\/\\\/www.duerodeporte.com\\\/wp-content\\\/uploads\\\/2024\\\/01\\\/Diego2-e1706522808572-150x150.jpeg\",\"contentUrl\":\"https:\\\/\\\/www.duerodeporte.com\\\/wp-content\\\/uploads\\\/2024\\\/01\\\/Diego2-e1706522808572-150x150.jpeg\",\"caption\":\"Diego A. Mart\u00edn\"},\"url\":\"https:\\\/\\\/www.duerodeporte.com\\\/index.php\\\/archivos\\\/author\\\/diego\"}]}<\/script>\r\n<!-- \/ Yoast SEO plugin. -->","yoast_head_json":{"title":"Ag\u00f3nico triunfo de los Erizos Rudos tras resolver ante Espanya en los penaltis (3-1)","description":"El Deporte de Aranda y las tierras del Duero","robots":{"index":"index","follow":"follow","max-snippet":"max-snippet:-1","max-image-preview":"max-image-preview:large","max-video-preview":"max-video-preview:-1"},"canonical":"https:\/\/www.duerodeporte.com\/index.php\/archivos\/7215","og_locale":"es_ES","og_type":"article","og_title":"Ag\u00f3nico triunfo de los Erizos Rudos tras resolver ante Espanya en los penaltis (3-1)","og_description":"El Deporte de Aranda y las tierras del Duero","og_url":"https:\/\/www.duerodeporte.com\/index.php\/archivos\/7215","og_site_name":"Duero Deporte","article_publisher":"https:\/\/www.facebook.com\/61555928375028","article_published_time":"2024-11-02T21:22:05+00:00","article_modified_time":"2024-11-02T23:15:03+00:00","og_image":[{"width":2261,"height":1348,"url":"https:\/\/www.duerodeporte.com\/wp-content\/uploads\/2024\/11\/IMG_20241102_203614-scaled-e1730582900209.jpg","type":"image\/jpeg"}],"author":"Diego A. Mart\u00edn","twitter_card":"summary_large_image","twitter_creator":"@Diegoamartin13","twitter_site":"@Diegoamartin13","twitter_misc":{"Escrito por":"Diego A. Mart\u00edn","Tiempo de lectura":"3 minutos"},"schema":{"@context":"https:\/\/schema.org","@graph":[{"@type":["Article","SocialMediaPosting"],"@id":"https:\/\/www.duerodeporte.com\/index.php\/archivos\/7215#article","isPartOf":{"@id":"https:\/\/www.duerodeporte.com\/index.php\/archivos\/7215"},"author":{"name":"Diego A. Mart\u00edn","@id":"https:\/\/www.duerodeporte.com\/#\/schema\/person\/5f3368966f635b5ae0d23ffaf7a7f894"},"headline":"Ag\u00f3nico triunfo de los Erizos Rudos tras resolver ante Espanya en los penaltis (3-1)","datePublished":"2024-11-02T21:22:05+00:00","dateModified":"2024-11-02T23:15:03+00:00","mainEntityOfPage":{"@id":"https:\/\/www.duerodeporte.com\/index.php\/archivos\/7215"},"wordCount":478,"commentCount":0,"publisher":{"@id":"https:\/\/www.duerodeporte.com\/#organization"},"image":{"@id":"https:\/\/www.duerodeporte.com\/index.php\/archivos\/7215#primaryimage"},"thumbnailUrl":"https:\/\/www.duerodeporte.com\/wp-content\/uploads\/2024\/11\/IMG_20241102_203614-scaled-e1730582900209.jpg","articleSection":["HOCKEY","z_PORTADA"],"inLanguage":"es","potentialAction":[{"@type":"CommentAction","name":"Comment","target":["https:\/\/www.duerodeporte.com\/index.php\/archivos\/7215#respond"]}]},{"@type":["WebPage","ItemPage"],"@id":"https:\/\/www.duerodeporte.com\/index.php\/archivos\/7215","url":"https:\/\/www.duerodeporte.com\/index.php\/archivos\/7215","name":"Ag\u00f3nico triunfo de los Erizos Rudos tras resolver ante Espanya en los penaltis (3-1)","isPartOf":{"@id":"https:\/\/www.duerodeporte.com\/#website"},"primaryImageOfPage":{"@id":"https:\/\/www.duerodeporte.com\/index.php\/archivos\/7215#primaryimage"},"image":{"@id":"https:\/\/www.duerodeporte.com\/index.php\/archivos\/7215#primaryimage"},"thumbnailUrl":"https:\/\/www.duerodeporte.com\/wp-content\/uploads\/2024\/11\/IMG_20241102_203614-scaled-e1730582900209.jpg","datePublished":"2024-11-02T21:22:05+00:00","dateModified":"2024-11-02T23:15:03+00:00","description":"El Deporte de Aranda y las tierras del Duero","breadcrumb":{"@id":"https:\/\/www.duerodeporte.com\/index.php\/archivos\/7215#breadcrumb"},"inLanguage":"es","potentialAction":[{"@type":"ReadAction","target":["https:\/\/www.duerodeporte.com\/index.php\/archivos\/7215"]}]},{"@type":"ImageObject","inLanguage":"es","@id":"https:\/\/www.duerodeporte.com\/index.php\/archivos\/7215#primaryimage","url":"https:\/\/www.duerodeporte.com\/wp-content\/uploads\/2024\/11\/IMG_20241102_203614-scaled-e1730582900209.jpg","contentUrl":"https:\/\/www.duerodeporte.com\/wp-content\/uploads\/2024\/11\/IMG_20241102_203614-scaled-e1730582900209.jpg","width":2261,"height":1348,"caption":"Una acci\u00f3n de partido entre los Erizos Rudos y Espanya en la cancha de Prado Sport. \/ duerodeporte.com"},{"@type":"BreadcrumbList","@id":"https:\/\/www.duerodeporte.com\/index.php\/archivos\/7215#breadcrumb","itemListElement":[{"@type":"ListItem","position":1,"name":"Portada","item":"https:\/\/www.duerodeporte.com\/"},{"@type":"ListItem","position":2,"name":"Ag\u00f3nico triunfo de los Erizos Rudos tras resolver ante Espanya en los penaltis (3-1)"}]},{"@type":"WebSite","@id":"https:\/\/www.duerodeporte.com\/#website","url":"https:\/\/www.duerodeporte.com\/","name":"Duero Deporte","description":"El Deporte de Aranda y las tierras del Duero","publisher":{"@id":"https:\/\/www.duerodeporte.com\/#organization"},"alternateName":"El Deporte de Aranda y las tierras del Duero","potentialAction":[{"@type":"SearchAction","target":{"@type":"EntryPoint","urlTemplate":"https:\/\/www.duerodeporte.com\/?s={search_term_string}"},"query-input":{"@type":"PropertyValueSpecification","valueRequired":true,"valueName":"search_term_string"}}],"inLanguage":"es"},{"@type":"Organization","@id":"https:\/\/www.duerodeporte.com\/#organization","name":"Duero Deporte","alternateName":"El Deporte de Aranda y las tierras del Duero","url":"https:\/\/www.duerodeporte.com\/","logo":{"@type":"ImageObject","inLanguage":"es","@id":"https:\/\/www.duerodeporte.com\/#\/schema\/logo\/image\/","url":"https:\/\/www.duerodeporte.com\/wp-content\/uploads\/2023\/11\/A.ColorSinFondo-e1708011627555.png","contentUrl":"https:\/\/www.duerodeporte.com\/wp-content\/uploads\/2023\/11\/A.ColorSinFondo-e1708011627555.png","width":750,"height":132,"caption":"Duero Deporte"},"image":{"@id":"https:\/\/www.duerodeporte.com\/#\/schema\/logo\/image\/"},"sameAs":["https:\/\/www.facebook.com\/61555928375028","https:\/\/x.com\/Diegoamartin13","https:\/\/www.youtube.com\/channel\/UCxIGQL8b9gmW-NjaChabCdA"]},{"@type":"Person","@id":"https:\/\/www.duerodeporte.com\/#\/schema\/person\/5f3368966f635b5ae0d23ffaf7a7f894","name":"Diego A. Mart\u00edn","image":{"@type":"ImageObject","inLanguage":"es","@id":"https:\/\/www.duerodeporte.com\/wp-content\/uploads\/2024\/01\/Diego2-e1706522808572-150x150.jpeg","url":"https:\/\/www.duerodeporte.com\/wp-content\/uploads\/2024\/01\/Diego2-e1706522808572-150x150.jpeg","contentUrl":"https:\/\/www.duerodeporte.com\/wp-content\/uploads\/2024\/01\/Diego2-e1706522808572-150x150.jpeg","caption":"Diego A. Mart\u00edn"},"url":"https:\/\/www.duerodeporte.com\/index.php\/archivos\/author\/diego"}]}},"views":783,"_links":{"self":[{"href":"https:\/\/www.duerodeporte.com\/index.php\/wp-json\/wp\/v2\/posts\/7215","targetHints":{"allow":["GET"]}}],"collection":[{"href":"https:\/\/www.duerodeporte.com\/index.php\/wp-json\/wp\/v2\/posts"}],"about":[{"href":"https:\/\/www.duerodeporte.com\/index.php\/wp-json\/wp\/v2\/types\/post"}],"author":[{"embeddable":true,"href":"https:\/\/www.duerodeporte.com\/index.php\/wp-json\/wp\/v2\/users\/3"}],"replies":[{"embeddable":true,"href":"https:\/\/www.duerodeporte.com\/index.php\/wp-json\/wp\/v2\/comments?post=7215"}],"version-history":[{"count":4,"href":"https:\/\/www.duerodeporte.com\/index.php\/wp-json\/wp\/v2\/posts\/7215\/revisions"}],"predecessor-version":[{"id":7223,"href":"https:\/\/www.duerodeporte.com\/index.php\/wp-json\/wp\/v2\/posts\/7215\/revisions\/7223"}],"wp:featuredmedia":[{"embeddable":true,"href":"https:\/\/www.duerodeporte.com\/index.php\/wp-json\/wp\/v2\/media\/7216"}],"wp:attachment":[{"href":"https:\/\/www.duerodeporte.com\/index.php\/wp-json\/wp\/v2\/media?parent=7215"}],"wp:term":[{"taxonomy":"category","embeddable":true,"href":"https:\/\/www.duerodeporte.com\/index.php\/wp-json\/wp\/v2\/categories?post=7215"},{"taxonomy":"post_tag","embeddable":true,"href":"https:\/\/www.duerodeporte.com\/index.php\/wp-json\/wp\/v2\/tags?post=7215"}],"curies":[{"name":"wp","href":"https:\/\/api.w.org\/{rel}","templated":true}]}}