{"id":7621,"date":"2024-11-18T20:21:04","date_gmt":"2024-11-18T19:21:04","guid":{"rendered":"https:\/\/www.duerodeporte.com\/?p=7621"},"modified":"2024-11-18T20:40:45","modified_gmt":"2024-11-18T19:40:45","slug":"alejandra-ortuno-y-el-equipo-senior-de-atletismo-aranda-brillan-en-el-campeonato-de-espana-de-italica","status":"publish","type":"post","link":"https:\/\/www.duerodeporte.com\/index.php\/archivos\/7621","title":{"rendered":"Alejandra Ortu\u00f1o y el equipo senior de Atletismo Aranda brillan en el Campeonato de Espa\u00f1a de It\u00e1lica"},"content":{"rendered":"\n<h2 class=\"wp-block-heading\">La fondista se cuelga el Bronce en categor\u00eda Sub-16. Mientras la escuadra senior masculina logra una hist\u00f3rica 13\u00aa posici\u00f3n. La mala fortuna se ceba con Rub\u00e9n \u00c1lvarez que tuvo que retirarse y podr\u00eda decir adi\u00f3s al reto de disputar el Europeo de Turqu\u00eda<\/h2>\n\n\n\n<p>El <strong>atletismo <\/strong>volvi\u00f3 a dejar grandes momentos para el deporte de las tierras del Duero este pasado fin de semana en el <strong><a href=\"https:\/\/atletismorfea.es\/calendario\/campeonato\/campeonato-de-espana-clubes-campo-traves-1\">Campeonato de Espa\u00f1a<\/a><\/strong> celebrado en el marco del <strong>Cross de It\u00e1lica <\/strong>(<strong>Sevilla<\/strong>) con las buenas actuaciones de los integrantes del <strong><a href=\"https:\/\/www.facebook.com\/atletismoaranda?locale=es_ES\">Atletismo Aranda<\/a><\/strong>.<\/p>\n\n\n\n<figure class=\"wp-block-image size-large\"><a href=\"https:\/\/whatsapp.com\/channel\/0029VaKr9Jr5kg76tHjXkZ2b\"><img loading=\"lazy\" decoding=\"async\" width=\"1024\" height=\"80\" src=\"https:\/\/www.duerodeporte.com\/wp-content\/uploads\/2024\/06\/2-2-1024x80.png\" alt=\"\" class=\"wp-image-3887\" srcset=\"https:\/\/www.duerodeporte.com\/wp-content\/uploads\/2024\/06\/2-2-1024x80.png 1024w, https:\/\/www.duerodeporte.com\/wp-content\/uploads\/2024\/06\/2-2-300x23.png 300w, https:\/\/www.duerodeporte.com\/wp-content\/uploads\/2024\/06\/2-2-768x60.png 768w, https:\/\/www.duerodeporte.com\/wp-content\/uploads\/2024\/06\/2-2-1536x120.png 1536w, https:\/\/www.duerodeporte.com\/wp-content\/uploads\/2024\/06\/2-2-696x54.png 696w, https:\/\/www.duerodeporte.com\/wp-content\/uploads\/2024\/06\/2-2-1068x83.png 1068w, https:\/\/www.duerodeporte.com\/wp-content\/uploads\/2024\/06\/2-2.png 1920w\" sizes=\"auto, (max-width: 1024px) 100vw, 1024px\" \/><\/a><\/figure>\n\n\n\n<p>Un <strong>Bronce <\/strong>en categor\u00eda Sub-16 de la mano de <strong>Alejandra Ortu\u00f1o<\/strong>, la fant\u00e1stica <strong>13\u00aa posici\u00f3n del equipo senior masculino<\/strong> y otros resultados a destacar en la trayectoria de cantera de la escuadra arandina.<\/p>\n\n\n\n<p>Entre los Senior destac\u00f3 el<strong> 78\u00ba puesto de Reilly Bloomer<\/strong> siendo el primero de los integrantes del Atletismo Aranda que completaron su actuaci\u00f3n con el 90\u00ba lugar de Daniel Sanz, la 105\u00aa plaza de Mario Sainz, el 110\u00ba puesto de \u00c1lvaro Cubillo, el 326\u00ba lugar de Jos\u00e9 Luis Ortu\u00f1o y l a 328\u00aa posici\u00f3n de Adri\u00e1n \u00c1lvarez.<\/p>\n\n\n\n<figure class=\"wp-block-embed is-type-rich is-provider-twitter wp-block-embed-twitter\"><div class=\"wp-block-embed__wrapper\">\n<blockquote class=\"twitter-tweet\" data-width=\"550\" data-dnt=\"true\"><p lang=\"es\" dir=\"ltr\">\ud83d\udfe0 ATLETISMO<br><br>\ud83c\udfc3\ud83c\udffb\u200d\u2640\ufe0f El equipo senior <a href=\"https:\/\/twitter.com\/AtletismoAranda?ref_src=twsrc%5Etfw\">@AtletismoAranda<\/a> acaba en 1\ufe0f\u20e33\ufe0f\u20e3&#39; posici\u00f3n Campeonato de Espa\u00f1a (<a href=\"https:\/\/twitter.com\/atletismoRFEA?ref_src=twsrc%5Etfw\">@atletismoRFEA<\/a>)<br><br>\ud83d\udcca Resultados y clasificaci\u00f3n: <a href=\"https:\/\/t.co\/bsVnfyT3L1\">https:\/\/t.co\/bsVnfyT3L1<\/a><br><br>\ud83c\udfa6 <a href=\"https:\/\/t.co\/QxLvd9klfJ\">https:\/\/t.co\/QxLvd9klfJ<\/a> <a href=\"https:\/\/t.co\/0ncconIaiA\">pic.twitter.com\/0ncconIaiA<\/a><\/p>&mdash; Diego A. Mart\u00edn (@Diegoamartin13) <a href=\"https:\/\/twitter.com\/Diegoamartin13\/status\/1858165422907924667?ref_src=twsrc%5Etfw\">November 17, 2024<\/a><\/blockquote><script async src=\"https:\/\/platform.twitter.com\/widgets.js\" charset=\"utf-8\"><\/script>\n<\/div><figcaption class=\"wp-element-caption\"><strong><a href=\"https:\/\/x.com\/Diegoamartin13\">@Diegoamartin13<\/a><\/strong><\/figcaption><\/figure>\n\n\n\n<h2 class=\"wp-block-heading\">El resto de grandes resultados arandinos<\/h2>\n\n\n\n<p>En cuanto a otros resultados por equipos, <strong>el equipo femenino Sub-16 logr\u00f3 el 29\u00aa lugar<\/strong> gracias, adem\u00e1s del mencionado Bronce de Ortu\u00f1o, a Alba Guti\u00e9rrez (158\u00ba) Alba de Pablos (166\u00ba) Selene Pineda (263\u00ba) y Sof\u00eda del Rinc\u00f3n (338\u00ba)<\/p>\n\n\n\n<p>Por su parte <strong>el equipo Sub-18 masculino termin\u00f3 en el puesto 31\u00ba<\/strong> con Miguel Gallego como mejor clasificado (82\u00ba) adem\u00e1s de Ra\u00fal Alonso (130\u00ba) Daniel Ruiz (206\u00ba) Pablo Tardajos (215\u00ba) Adri\u00e1n N\u00fa\u00f1ez (245\u00ba) y Diego Garc\u00eda (285\u00ba) Mientras, <strong>las chicas del Sub-18 firmaron la 39\u00aa posici\u00f3n <\/strong>general con Noa Monz\u00f3n (113\u00aa) Elena Miguel (171\u00aa) Neila Cabestrero (216\u00aa) Alejandra P\u00e9rez (225\u00aa) y Angela Miguel (268\u00aa). Luc\u00eda P\u00e9rez no termin\u00f3 la prueba.<\/p>\n\n\n\n<p>Resultados a los que hay que sumar <strong>el gran 12\u00ba puesto de Iker Ortu\u00f1o en categor\u00eda Sub-14<\/strong>, adem\u00e1s de la 69\u00aa posici\u00f3n de Leo Ruiz en categor\u00eda Sub-12.<\/p>\n\n\n\n<h2 class=\"wp-block-heading\">Rub\u00e9n \u00c1lvarez abandona y se aleja del Europeo<\/h2>\n\n\n\n<p>Por su parte, el m\u00e1ximo exponente del atletismo de las tierras del Duero, el arandino del <strong>UBU<\/strong>, <strong>Rub\u00e9n \u00c1lvarez<\/strong>, no pudo terminar la prueba. Una<strong> indisposici\u00f3n durante el recorrido priv\u00f3 a \u00c1lvarez de luchar por los primeros puestos en categor\u00eda Sub-23<\/strong> y por lo tanto de sus opciones de entrar en el equipo nacional para el Europeo de Turqu\u00eda del pr\u00f3ximo 8 de diciembre.<\/p>\n\n\n\n<p>La mala fortuna se ceb\u00f3 con el del UBU que a\u00fan podr\u00eda exprimir sus opciones europeas en el <strong>Cross de Alcobendas <\/strong>de este pr\u00f3ximo fin de semana.<\/p>\n","protected":false},"excerpt":{"rendered":"<p>La fondista se cuelga el Bronce en categor\u00eda Sub-16. Mientras la escuadra senior masculina logra una hist\u00f3rica 13\u00aa posici\u00f3n. La mala fortuna se ceba con Rub\u00e9n \u00c1lvarez que tuvo que [&hellip;]<\/p>\n","protected":false},"author":3,"featured_media":7623,"comment_status":"open","ping_status":"open","sticky":false,"template":"","format":"standard","meta":{"footnotes":""},"categories":[20,15],"tags":[43,100,319,699],"class_list":["post-7621","post","type-post","status-publish","format-standard","has-post-thumbnail","category-atletismo","category-portada","tag-aranda-de-duero","tag-campeonato-de-espana","tag-italica"],"yoast_head":"<!-- This site is optimized with the Yoast SEO plugin v27.5 - https:\/\/yoast.com\/product\/yoast-seo-wordpress\/ -->\r\n<title>Alejandra Ortu\u00f1o y el equipo senior de Atletismo Aranda brillan en el Campeonato de Espa\u00f1a de It\u00e1lica<\/title>\r\n<meta name=\"description\" content=\"El Deporte de Aranda y las tierras del Duero\" \/>\r\n<meta name=\"robots\" content=\"index, follow, max-snippet:-1, max-image-preview:large, max-video-preview:-1\" \/>\r\n<link rel=\"canonical\" href=\"https:\/\/www.duerodeporte.com\/index.php\/archivos\/7621\" \/>\r\n<meta property=\"og:locale\" content=\"es_ES\" \/>\r\n<meta property=\"og:type\" content=\"article\" \/>\r\n<meta property=\"og:title\" content=\"Alejandra Ortu\u00f1o y el equipo senior de Atletismo Aranda brillan en el Campeonato de Espa\u00f1a de It\u00e1lica\" \/>\r\n<meta property=\"og:description\" content=\"El Deporte de Aranda y las tierras del Duero\" \/>\r\n<meta property=\"og:url\" content=\"https:\/\/www.duerodeporte.com\/index.php\/archivos\/7621\" \/>\r\n<meta property=\"og:site_name\" content=\"Duero Deporte\" \/>\r\n<meta property=\"article:publisher\" content=\"https:\/\/www.facebook.com\/61555928375028\" \/>\r\n<meta property=\"article:published_time\" content=\"2024-11-18T19:21:04+00:00\" \/>\r\n<meta property=\"article:modified_time\" content=\"2024-11-18T19:40:45+00:00\" \/>\r\n<meta property=\"og:image\" content=\"https:\/\/www.duerodeporte.com\/wp-content\/uploads\/2024\/11\/WhatsApp-Image-2024-11-17-at-16.15.26.jpeg\" \/>\r\n\t<meta property=\"og:image:width\" content=\"2048\" \/>\r\n\t<meta property=\"og:image:height\" content=\"1536\" \/>\r\n\t<meta property=\"og:image:type\" content=\"image\/jpeg\" \/>\r\n<meta name=\"author\" content=\"Diego A. Mart\u00edn\" \/>\r\n<meta name=\"twitter:card\" content=\"summary_large_image\" \/>\r\n<meta name=\"twitter:creator\" content=\"@Diegoamartin13\" \/>\r\n<meta name=\"twitter:site\" content=\"@Diegoamartin13\" \/>\r\n<meta name=\"twitter:label1\" content=\"Escrito por\" \/>\n\t<meta name=\"twitter:data1\" content=\"Diego A. Mart\u00edn\" \/>\n\t<meta name=\"twitter:label2\" content=\"Tiempo de lectura\" \/>\n\t<meta name=\"twitter:data2\" content=\"3 minutos\" \/>\r\n<script type=\"application\/ld+json\" class=\"yoast-schema-graph\">{\"@context\":\"https:\\\/\\\/schema.org\",\"@graph\":[{\"@type\":[\"Article\",\"SocialMediaPosting\"],\"@id\":\"https:\\\/\\\/www.duerodeporte.com\\\/index.php\\\/archivos\\\/7621#article\",\"isPartOf\":{\"@id\":\"https:\\\/\\\/www.duerodeporte.com\\\/index.php\\\/archivos\\\/7621\"},\"author\":{\"name\":\"Diego A. Mart\u00edn\",\"@id\":\"https:\\\/\\\/www.duerodeporte.com\\\/#\\\/schema\\\/person\\\/5f3368966f635b5ae0d23ffaf7a7f894\"},\"headline\":\"Alejandra Ortu\u00f1o y el equipo senior de Atletismo Aranda brillan en el Campeonato de Espa\u00f1a de It\u00e1lica\",\"datePublished\":\"2024-11-18T19:21:04+00:00\",\"dateModified\":\"2024-11-18T19:40:45+00:00\",\"mainEntityOfPage\":{\"@id\":\"https:\\\/\\\/www.duerodeporte.com\\\/index.php\\\/archivos\\\/7621\"},\"wordCount\":462,\"commentCount\":0,\"publisher\":{\"@id\":\"https:\\\/\\\/www.duerodeporte.com\\\/#organization\"},\"image\":{\"@id\":\"https:\\\/\\\/www.duerodeporte.com\\\/index.php\\\/archivos\\\/7621#primaryimage\"},\"thumbnailUrl\":\"https:\\\/\\\/www.duerodeporte.com\\\/wp-content\\\/uploads\\\/2024\\\/11\\\/WhatsApp-Image-2024-11-17-at-16.15.26.jpeg\",\"keywords\":[\"aranda de duero\",\"Atletismo Aranda\",\"Campeonato de Espa\u00f1a\",\"It\u00e1lica\"],\"articleSection\":[\"ATLETISMO\",\"z_PORTADA\"],\"inLanguage\":\"es\",\"potentialAction\":[{\"@type\":\"CommentAction\",\"name\":\"Comment\",\"target\":[\"https:\\\/\\\/www.duerodeporte.com\\\/index.php\\\/archivos\\\/7621#respond\"]}]},{\"@type\":[\"WebPage\",\"ItemPage\"],\"@id\":\"https:\\\/\\\/www.duerodeporte.com\\\/index.php\\\/archivos\\\/7621\",\"url\":\"https:\\\/\\\/www.duerodeporte.com\\\/index.php\\\/archivos\\\/7621\",\"name\":\"Alejandra Ortu\u00f1o y el equipo senior de Atletismo Aranda brillan en el Campeonato de Espa\u00f1a de It\u00e1lica\",\"isPartOf\":{\"@id\":\"https:\\\/\\\/www.duerodeporte.com\\\/#website\"},\"primaryImageOfPage\":{\"@id\":\"https:\\\/\\\/www.duerodeporte.com\\\/index.php\\\/archivos\\\/7621#primaryimage\"},\"image\":{\"@id\":\"https:\\\/\\\/www.duerodeporte.com\\\/index.php\\\/archivos\\\/7621#primaryimage\"},\"thumbnailUrl\":\"https:\\\/\\\/www.duerodeporte.com\\\/wp-content\\\/uploads\\\/2024\\\/11\\\/WhatsApp-Image-2024-11-17-at-16.15.26.jpeg\",\"datePublished\":\"2024-11-18T19:21:04+00:00\",\"dateModified\":\"2024-11-18T19:40:45+00:00\",\"description\":\"El Deporte de Aranda y las tierras del Duero\",\"breadcrumb\":{\"@id\":\"https:\\\/\\\/www.duerodeporte.com\\\/index.php\\\/archivos\\\/7621#breadcrumb\"},\"inLanguage\":\"es\",\"potentialAction\":[{\"@type\":\"ReadAction\",\"target\":[\"https:\\\/\\\/www.duerodeporte.com\\\/index.php\\\/archivos\\\/7621\"]}]},{\"@type\":\"ImageObject\",\"inLanguage\":\"es\",\"@id\":\"https:\\\/\\\/www.duerodeporte.com\\\/index.php\\\/archivos\\\/7621#primaryimage\",\"url\":\"https:\\\/\\\/www.duerodeporte.com\\\/wp-content\\\/uploads\\\/2024\\\/11\\\/WhatsApp-Image-2024-11-17-at-16.15.26.jpeg\",\"contentUrl\":\"https:\\\/\\\/www.duerodeporte.com\\\/wp-content\\\/uploads\\\/2024\\\/11\\\/WhatsApp-Image-2024-11-17-at-16.15.26.jpeg\",\"width\":2048,\"height\":1536,\"caption\":\"El equipo absoluto del Atletismo Aranda en el Campeonato de Espa\u00f1a de Cross. \\\/ duerodeporte.com\"},{\"@type\":\"BreadcrumbList\",\"@id\":\"https:\\\/\\\/www.duerodeporte.com\\\/index.php\\\/archivos\\\/7621#breadcrumb\",\"itemListElement\":[{\"@type\":\"ListItem\",\"position\":1,\"name\":\"Portada\",\"item\":\"https:\\\/\\\/www.duerodeporte.com\\\/\"},{\"@type\":\"ListItem\",\"position\":2,\"name\":\"Alejandra Ortu\u00f1o y el equipo senior de Atletismo Aranda brillan en el Campeonato de Espa\u00f1a de It\u00e1lica\"}]},{\"@type\":\"WebSite\",\"@id\":\"https:\\\/\\\/www.duerodeporte.com\\\/#website\",\"url\":\"https:\\\/\\\/www.duerodeporte.com\\\/\",\"name\":\"Duero Deporte\",\"description\":\"El Deporte de Aranda y las tierras del Duero\",\"publisher\":{\"@id\":\"https:\\\/\\\/www.duerodeporte.com\\\/#organization\"},\"alternateName\":\"El Deporte de Aranda y las tierras del Duero\",\"potentialAction\":[{\"@type\":\"SearchAction\",\"target\":{\"@type\":\"EntryPoint\",\"urlTemplate\":\"https:\\\/\\\/www.duerodeporte.com\\\/?s={search_term_string}\"},\"query-input\":{\"@type\":\"PropertyValueSpecification\",\"valueRequired\":true,\"valueName\":\"search_term_string\"}}],\"inLanguage\":\"es\"},{\"@type\":\"Organization\",\"@id\":\"https:\\\/\\\/www.duerodeporte.com\\\/#organization\",\"name\":\"Duero Deporte\",\"alternateName\":\"El Deporte de Aranda y las tierras del Duero\",\"url\":\"https:\\\/\\\/www.duerodeporte.com\\\/\",\"logo\":{\"@type\":\"ImageObject\",\"inLanguage\":\"es\",\"@id\":\"https:\\\/\\\/www.duerodeporte.com\\\/#\\\/schema\\\/logo\\\/image\\\/\",\"url\":\"https:\\\/\\\/www.duerodeporte.com\\\/wp-content\\\/uploads\\\/2023\\\/11\\\/A.ColorSinFondo-e1708011627555.png\",\"contentUrl\":\"https:\\\/\\\/www.duerodeporte.com\\\/wp-content\\\/uploads\\\/2023\\\/11\\\/A.ColorSinFondo-e1708011627555.png\",\"width\":750,\"height\":132,\"caption\":\"Duero Deporte\"},\"image\":{\"@id\":\"https:\\\/\\\/www.duerodeporte.com\\\/#\\\/schema\\\/logo\\\/image\\\/\"},\"sameAs\":[\"https:\\\/\\\/www.facebook.com\\\/61555928375028\",\"https:\\\/\\\/x.com\\\/Diegoamartin13\",\"https:\\\/\\\/www.youtube.com\\\/channel\\\/UCxIGQL8b9gmW-NjaChabCdA\"]},{\"@type\":\"Person\",\"@id\":\"https:\\\/\\\/www.duerodeporte.com\\\/#\\\/schema\\\/person\\\/5f3368966f635b5ae0d23ffaf7a7f894\",\"name\":\"Diego A. Mart\u00edn\",\"image\":{\"@type\":\"ImageObject\",\"inLanguage\":\"es\",\"@id\":\"https:\\\/\\\/www.duerodeporte.com\\\/wp-content\\\/uploads\\\/2024\\\/01\\\/Diego2-e1706522808572-150x150.jpeg\",\"url\":\"https:\\\/\\\/www.duerodeporte.com\\\/wp-content\\\/uploads\\\/2024\\\/01\\\/Diego2-e1706522808572-150x150.jpeg\",\"contentUrl\":\"https:\\\/\\\/www.duerodeporte.com\\\/wp-content\\\/uploads\\\/2024\\\/01\\\/Diego2-e1706522808572-150x150.jpeg\",\"caption\":\"Diego A. Mart\u00edn\"},\"url\":\"https:\\\/\\\/www.duerodeporte.com\\\/index.php\\\/archivos\\\/author\\\/diego\"}]}<\/script>\r\n<!-- \/ Yoast SEO plugin. -->","yoast_head_json":{"title":"Alejandra Ortu\u00f1o y el equipo senior de Atletismo Aranda brillan en el Campeonato de Espa\u00f1a de It\u00e1lica","description":"El Deporte de Aranda y las tierras del Duero","robots":{"index":"index","follow":"follow","max-snippet":"max-snippet:-1","max-image-preview":"max-image-preview:large","max-video-preview":"max-video-preview:-1"},"canonical":"https:\/\/www.duerodeporte.com\/index.php\/archivos\/7621","og_locale":"es_ES","og_type":"article","og_title":"Alejandra Ortu\u00f1o y el equipo senior de Atletismo Aranda brillan en el Campeonato de Espa\u00f1a de It\u00e1lica","og_description":"El Deporte de Aranda y las tierras del Duero","og_url":"https:\/\/www.duerodeporte.com\/index.php\/archivos\/7621","og_site_name":"Duero Deporte","article_publisher":"https:\/\/www.facebook.com\/61555928375028","article_published_time":"2024-11-18T19:21:04+00:00","article_modified_time":"2024-11-18T19:40:45+00:00","og_image":[{"width":2048,"height":1536,"url":"https:\/\/www.duerodeporte.com\/wp-content\/uploads\/2024\/11\/WhatsApp-Image-2024-11-17-at-16.15.26.jpeg","type":"image\/jpeg"}],"author":"Diego A. Mart\u00edn","twitter_card":"summary_large_image","twitter_creator":"@Diegoamartin13","twitter_site":"@Diegoamartin13","twitter_misc":{"Escrito por":"Diego A. Mart\u00edn","Tiempo de lectura":"3 minutos"},"schema":{"@context":"https:\/\/schema.org","@graph":[{"@type":["Article","SocialMediaPosting"],"@id":"https:\/\/www.duerodeporte.com\/index.php\/archivos\/7621#article","isPartOf":{"@id":"https:\/\/www.duerodeporte.com\/index.php\/archivos\/7621"},"author":{"name":"Diego A. Mart\u00edn","@id":"https:\/\/www.duerodeporte.com\/#\/schema\/person\/5f3368966f635b5ae0d23ffaf7a7f894"},"headline":"Alejandra Ortu\u00f1o y el equipo senior de Atletismo Aranda brillan en el Campeonato de Espa\u00f1a de It\u00e1lica","datePublished":"2024-11-18T19:21:04+00:00","dateModified":"2024-11-18T19:40:45+00:00","mainEntityOfPage":{"@id":"https:\/\/www.duerodeporte.com\/index.php\/archivos\/7621"},"wordCount":462,"commentCount":0,"publisher":{"@id":"https:\/\/www.duerodeporte.com\/#organization"},"image":{"@id":"https:\/\/www.duerodeporte.com\/index.php\/archivos\/7621#primaryimage"},"thumbnailUrl":"https:\/\/www.duerodeporte.com\/wp-content\/uploads\/2024\/11\/WhatsApp-Image-2024-11-17-at-16.15.26.jpeg","keywords":["aranda de duero","Atletismo Aranda","Campeonato de Espa\u00f1a","It\u00e1lica"],"articleSection":["ATLETISMO","z_PORTADA"],"inLanguage":"es","potentialAction":[{"@type":"CommentAction","name":"Comment","target":["https:\/\/www.duerodeporte.com\/index.php\/archivos\/7621#respond"]}]},{"@type":["WebPage","ItemPage"],"@id":"https:\/\/www.duerodeporte.com\/index.php\/archivos\/7621","url":"https:\/\/www.duerodeporte.com\/index.php\/archivos\/7621","name":"Alejandra Ortu\u00f1o y el equipo senior de Atletismo Aranda brillan en el Campeonato de Espa\u00f1a de It\u00e1lica","isPartOf":{"@id":"https:\/\/www.duerodeporte.com\/#website"},"primaryImageOfPage":{"@id":"https:\/\/www.duerodeporte.com\/index.php\/archivos\/7621#primaryimage"},"image":{"@id":"https:\/\/www.duerodeporte.com\/index.php\/archivos\/7621#primaryimage"},"thumbnailUrl":"https:\/\/www.duerodeporte.com\/wp-content\/uploads\/2024\/11\/WhatsApp-Image-2024-11-17-at-16.15.26.jpeg","datePublished":"2024-11-18T19:21:04+00:00","dateModified":"2024-11-18T19:40:45+00:00","description":"El Deporte de Aranda y las tierras del Duero","breadcrumb":{"@id":"https:\/\/www.duerodeporte.com\/index.php\/archivos\/7621#breadcrumb"},"inLanguage":"es","potentialAction":[{"@type":"ReadAction","target":["https:\/\/www.duerodeporte.com\/index.php\/archivos\/7621"]}]},{"@type":"ImageObject","inLanguage":"es","@id":"https:\/\/www.duerodeporte.com\/index.php\/archivos\/7621#primaryimage","url":"https:\/\/www.duerodeporte.com\/wp-content\/uploads\/2024\/11\/WhatsApp-Image-2024-11-17-at-16.15.26.jpeg","contentUrl":"https:\/\/www.duerodeporte.com\/wp-content\/uploads\/2024\/11\/WhatsApp-Image-2024-11-17-at-16.15.26.jpeg","width":2048,"height":1536,"caption":"El equipo absoluto del Atletismo Aranda en el Campeonato de Espa\u00f1a de Cross. \/ duerodeporte.com"},{"@type":"BreadcrumbList","@id":"https:\/\/www.duerodeporte.com\/index.php\/archivos\/7621#breadcrumb","itemListElement":[{"@type":"ListItem","position":1,"name":"Portada","item":"https:\/\/www.duerodeporte.com\/"},{"@type":"ListItem","position":2,"name":"Alejandra Ortu\u00f1o y el equipo senior de Atletismo Aranda brillan en el Campeonato de Espa\u00f1a de It\u00e1lica"}]},{"@type":"WebSite","@id":"https:\/\/www.duerodeporte.com\/#website","url":"https:\/\/www.duerodeporte.com\/","name":"Duero Deporte","description":"El Deporte de Aranda y las tierras del Duero","publisher":{"@id":"https:\/\/www.duerodeporte.com\/#organization"},"alternateName":"El Deporte de Aranda y las tierras del Duero","potentialAction":[{"@type":"SearchAction","target":{"@type":"EntryPoint","urlTemplate":"https:\/\/www.duerodeporte.com\/?s={search_term_string}"},"query-input":{"@type":"PropertyValueSpecification","valueRequired":true,"valueName":"search_term_string"}}],"inLanguage":"es"},{"@type":"Organization","@id":"https:\/\/www.duerodeporte.com\/#organization","name":"Duero Deporte","alternateName":"El Deporte de Aranda y las tierras del Duero","url":"https:\/\/www.duerodeporte.com\/","logo":{"@type":"ImageObject","inLanguage":"es","@id":"https:\/\/www.duerodeporte.com\/#\/schema\/logo\/image\/","url":"https:\/\/www.duerodeporte.com\/wp-content\/uploads\/2023\/11\/A.ColorSinFondo-e1708011627555.png","contentUrl":"https:\/\/www.duerodeporte.com\/wp-content\/uploads\/2023\/11\/A.ColorSinFondo-e1708011627555.png","width":750,"height":132,"caption":"Duero Deporte"},"image":{"@id":"https:\/\/www.duerodeporte.com\/#\/schema\/logo\/image\/"},"sameAs":["https:\/\/www.facebook.com\/61555928375028","https:\/\/x.com\/Diegoamartin13","https:\/\/www.youtube.com\/channel\/UCxIGQL8b9gmW-NjaChabCdA"]},{"@type":"Person","@id":"https:\/\/www.duerodeporte.com\/#\/schema\/person\/5f3368966f635b5ae0d23ffaf7a7f894","name":"Diego A. Mart\u00edn","image":{"@type":"ImageObject","inLanguage":"es","@id":"https:\/\/www.duerodeporte.com\/wp-content\/uploads\/2024\/01\/Diego2-e1706522808572-150x150.jpeg","url":"https:\/\/www.duerodeporte.com\/wp-content\/uploads\/2024\/01\/Diego2-e1706522808572-150x150.jpeg","contentUrl":"https:\/\/www.duerodeporte.com\/wp-content\/uploads\/2024\/01\/Diego2-e1706522808572-150x150.jpeg","caption":"Diego A. Mart\u00edn"},"url":"https:\/\/www.duerodeporte.com\/index.php\/archivos\/author\/diego"}]}},"views":838,"_links":{"self":[{"href":"https:\/\/www.duerodeporte.com\/index.php\/wp-json\/wp\/v2\/posts\/7621","targetHints":{"allow":["GET"]}}],"collection":[{"href":"https:\/\/www.duerodeporte.com\/index.php\/wp-json\/wp\/v2\/posts"}],"about":[{"href":"https:\/\/www.duerodeporte.com\/index.php\/wp-json\/wp\/v2\/types\/post"}],"author":[{"embeddable":true,"href":"https:\/\/www.duerodeporte.com\/index.php\/wp-json\/wp\/v2\/users\/3"}],"replies":[{"embeddable":true,"href":"https:\/\/www.duerodeporte.com\/index.php\/wp-json\/wp\/v2\/comments?post=7621"}],"version-history":[{"count":5,"href":"https:\/\/www.duerodeporte.com\/index.php\/wp-json\/wp\/v2\/posts\/7621\/revisions"}],"predecessor-version":[{"id":7628,"href":"https:\/\/www.duerodeporte.com\/index.php\/wp-json\/wp\/v2\/posts\/7621\/revisions\/7628"}],"wp:featuredmedia":[{"embeddable":true,"href":"https:\/\/www.duerodeporte.com\/index.php\/wp-json\/wp\/v2\/media\/7623"}],"wp:attachment":[{"href":"https:\/\/www.duerodeporte.com\/index.php\/wp-json\/wp\/v2\/media?parent=7621"}],"wp:term":[{"taxonomy":"category","embeddable":true,"href":"https:\/\/www.duerodeporte.com\/index.php\/wp-json\/wp\/v2\/categories?post=7621"},{"taxonomy":"post_tag","embeddable":true,"href":"https:\/\/www.duerodeporte.com\/index.php\/wp-json\/wp\/v2\/tags?post=7621"}],"curies":[{"name":"wp","href":"https:\/\/api.w.org\/{rel}","templated":true}]}}