{"id":8318,"date":"2024-12-15T15:56:44","date_gmt":"2024-12-15T14:56:44","guid":{"rendered":"https:\/\/www.duerodeporte.com\/?p=8318"},"modified":"2024-12-15T16:40:34","modified_gmt":"2024-12-15T15:40:34","slug":"los-erizos-rudos-colistas-tras-perder-ante-metropolitano-2-5","status":"publish","type":"post","link":"https:\/\/www.duerodeporte.com\/index.php\/archivos\/8318","title":{"rendered":"Los Erizos Rudos, colistas tras perder ante Metropolitano (2-5)"},"content":{"rendered":"\n<h2 class=\"wp-block-heading\">La escuadra azulona pronto se vio por detr\u00e1s en el marcador ante los bilba\u00ednos. A pesar de igualar antes del descanso, en la segunda parte los vizca\u00ednos se llevaron el triunfo de Prado Sport. Sexto traspi\u00e9s consecutivo de los de las tierras del Duero que ocupan ahora el \u00faltimo puesto antes de cerrar la primera vuelta en Castell\u00f3n<\/h2>\n\n\n\n<p>La <strong>Liga \u00c9lite <\/strong>no da tregua y est\u00e1 mostrando el lado m\u00e1s amargo de la competici\u00f3n a los <strong><a href=\"https:\/\/www.facebook.com\/CHLARANDADEDUERO?locale=es_ES\">Erizos Rudos<\/a><\/strong>. Nueva derrota del Club Hockey L\u00ednea Aranda. En esta ocasi\u00f3n <strong><a href=\"https:\/\/www.instagram.com\/metropolitanohc\/?hl=es\">Metropolitano <\/a><\/strong>de Bilbao se llev\u00f3 los tres puntos de Prado Sport (<strong>2-5<\/strong>) Sexto traspi\u00e9s consecutivo de los de Jorge Collantes que colocan a los de las tierras del Duero como colistas.<\/p>\n\n\n\n<figure class=\"wp-block-image size-large\"><a href=\"https:\/\/whatsapp.com\/channel\/0029VaKr9Jr5kg76tHjXkZ2b\"><img loading=\"lazy\" decoding=\"async\" width=\"1024\" height=\"80\" src=\"https:\/\/www.duerodeporte.com\/wp-content\/uploads\/2024\/06\/2-2-1024x80.png\" alt=\"\" class=\"wp-image-3887\" srcset=\"https:\/\/www.duerodeporte.com\/wp-content\/uploads\/2024\/06\/2-2-1024x80.png 1024w, https:\/\/www.duerodeporte.com\/wp-content\/uploads\/2024\/06\/2-2-300x23.png 300w, https:\/\/www.duerodeporte.com\/wp-content\/uploads\/2024\/06\/2-2-768x60.png 768w, https:\/\/www.duerodeporte.com\/wp-content\/uploads\/2024\/06\/2-2-1536x120.png 1536w, https:\/\/www.duerodeporte.com\/wp-content\/uploads\/2024\/06\/2-2-696x54.png 696w, https:\/\/www.duerodeporte.com\/wp-content\/uploads\/2024\/06\/2-2-1068x83.png 1068w, https:\/\/www.duerodeporte.com\/wp-content\/uploads\/2024\/06\/2-2.png 1920w\" sizes=\"auto, (max-width: 1024px) 100vw, 1024px\" \/><\/a><\/figure>\n\n\n\n<p>El duelo de la <strong><a href=\"https:\/\/www.hockeylinea.fep.es\/\">8\u00aa jornada del Campeonato<\/a><\/strong> med\u00eda a dos escuadras que lograron el ascenso a la m\u00e1xima categor\u00eda la pasada temporada. Un duelo que <strong>pronto se puso de cara para Metropolitano con dos goles pr\u00e1cticamente seguidos a los dos minutos de partido<\/strong>. Un mazazo inicial que no afect\u00f3 a los Erizos Rudos siendo capaces de empatar el encuentro antes que llegara el tiempo de descanso con tantos de Daniel Benito y Daniel Collantes. <strong>2-2 y esperanza<\/strong>.<\/p>\n\n\n\n<figure class=\"wp-block-embed is-type-rich is-provider-twitter wp-block-embed-twitter\"><div class=\"wp-block-embed__wrapper\">\n<blockquote class=\"twitter-tweet\" data-width=\"550\" data-dnt=\"true\"><p lang=\"es\" dir=\"ltr\">\ud83d\udfe0 HOCKEY <a href=\"https:\/\/twitter.com\/hashtag\/D%C3%8DADEPARTIDO?src=hash&amp;ref_src=twsrc%5Etfw\">#D\u00cdADEPARTIDO<\/a><br><br>\ud83c\udfd2  Los <a href=\"https:\/\/twitter.com\/hashtag\/azulones?src=hash&amp;ref_src=twsrc%5Etfw\">#azulones<\/a> se marchan al descanso en igualdad tras neutralizar a los dos tantos bilba\u00ednos<br><br>\ud83d\udd35\u26ab Erizos Rudos 2\ufe0f\u20e3<br>\u26aa\ud83d\udd35 <a href=\"https:\/\/twitter.com\/metropolitanohc?ref_src=twsrc%5Etfw\">@metropolitanohc<\/a> 2\ufe0f\u20e3<br><br>\u27a1\ufe0f 7\ufe0f\u20e3&#39; jr. <a href=\"https:\/\/twitter.com\/hashtag\/LigaElite?src=hash&amp;ref_src=twsrc%5Etfw\">#LigaElite<\/a> (<a href=\"https:\/\/twitter.com\/FedPatinaje?ref_src=twsrc%5Etfw\">@FedPatinaje<\/a>)<br>\ud83c\udfdf\ufe0f <a href=\"https:\/\/twitter.com\/PradoSport?ref_src=twsrc%5Etfw\">@PradoSport<\/a> (Aranda)<br><br>\ud83c\udfa6 <a href=\"https:\/\/t.co\/QxLvd9kT5h\">https:\/\/t.co\/QxLvd9kT5h<\/a> <a href=\"https:\/\/t.co\/zv18qcBr0X\">pic.twitter.com\/zv18qcBr0X<\/a><\/p>&mdash; Diego A. Mart\u00edn (duerodeporte.com) (@Diegoamartin13) <a href=\"https:\/\/twitter.com\/Diegoamartin13\/status\/1868030406890795172?ref_src=twsrc%5Etfw\">December 14, 2024<\/a><\/blockquote><script async src=\"https:\/\/platform.twitter.com\/widgets.js\" charset=\"utf-8\"><\/script>\n<\/div><\/figure>\n\n\n\n<p>En la segunda parte, y tras un inicio disputado, fue nuevamente la escuadra vasca la que logr\u00f3 tomar ventaja en el marcador. Y de manera similar al primer tiempo, <strong>Metropolitano puso el 2-4 en apenas tres minutos<\/strong>. Jarro de agua fr\u00eda en las aspiraciones de un Club Hockey L\u00ednea Aranda al que se le hac\u00eda muy cuesta arriba el partido. A pesar de intentarlo con un juego fluido y al ataque, los arandinos sufrieron el<strong> 2-5 definitivo a falta de pocos segundos<\/strong> para el final del partido.<\/p>\n\n\n\n<p>Con esta derrota,<strong> sexta consecutiva para los Erizos Rudos<\/strong>, el equipo ocupa la <strong>\u00faltima posici\u00f3n<\/strong> de Liga \u00c9lite con seis puntos, empatado con Tres Cantos y <strong>Castell\u00f3n<\/strong>, rival este \u00faltimo al que visitan el pr\u00f3ximo fin de semana (8\u00aa jornada) en el <strong>cierre de la primera vuelta<\/strong> y del 2024.<\/p>\n","protected":false},"excerpt":{"rendered":"<p>La escuadra azulona pronto se vio por detr\u00e1s en el marcador ante los bilba\u00ednos. A pesar de igualar antes del descanso, en la segunda parte los vizca\u00ednos se llevaron el [&hellip;]<\/p>\n","protected":false},"author":3,"featured_media":8320,"comment_status":"open","ping_status":"open","sticky":false,"template":"","format":"standard","meta":{"footnotes":""},"categories":[46,49,15],"tags":[43,235,166,96,729,167],"class_list":["post-8318","post","type-post","status-publish","format-standard","has-post-thumbnail","category-hockey","category-mas_deporte","category-portada","tag-aranda-de-duero","tag-club-hockey-linea-aranda","tag-erizos-rudos","tag-hockey","tag-metropolitano","tag-rfep"],"yoast_head":"<!-- This site is optimized with the Yoast SEO plugin v27.5 - https:\/\/yoast.com\/product\/yoast-seo-wordpress\/ -->\r\n<title>Los Erizos Rudos, colistas tras perder ante Metropolitano (2-5)<\/title>\r\n<meta name=\"description\" content=\"El Deporte de Aranda y las tierras del Duero\" \/>\r\n<meta name=\"robots\" content=\"index, follow, max-snippet:-1, max-image-preview:large, max-video-preview:-1\" \/>\r\n<link rel=\"canonical\" href=\"https:\/\/www.duerodeporte.com\/index.php\/archivos\/8318\" \/>\r\n<meta property=\"og:locale\" content=\"es_ES\" \/>\r\n<meta property=\"og:type\" content=\"article\" \/>\r\n<meta property=\"og:title\" content=\"Los Erizos Rudos, colistas tras perder ante Metropolitano (2-5)\" \/>\r\n<meta property=\"og:description\" content=\"El Deporte de Aranda y las tierras del Duero\" \/>\r\n<meta property=\"og:url\" content=\"https:\/\/www.duerodeporte.com\/index.php\/archivos\/8318\" \/>\r\n<meta property=\"og:site_name\" content=\"Duero Deporte\" \/>\r\n<meta property=\"article:publisher\" content=\"https:\/\/www.facebook.com\/61555928375028\" \/>\r\n<meta property=\"article:published_time\" content=\"2024-12-15T14:56:44+00:00\" \/>\r\n<meta property=\"article:modified_time\" content=\"2024-12-15T15:40:34+00:00\" \/>\r\n<meta property=\"og:image\" content=\"https:\/\/www.duerodeporte.com\/wp-content\/uploads\/2024\/12\/468971976_1028090255784852_8051701658119674937_n-e1734274646799.jpg\" \/>\r\n\t<meta property=\"og:image:width\" content=\"1890\" \/>\r\n\t<meta property=\"og:image:height\" content=\"1065\" \/>\r\n\t<meta property=\"og:image:type\" content=\"image\/jpeg\" \/>\r\n<meta name=\"author\" content=\"Diego A. Mart\u00edn\" \/>\r\n<meta name=\"twitter:card\" content=\"summary_large_image\" \/>\r\n<meta name=\"twitter:creator\" content=\"@Diegoamartin13\" \/>\r\n<meta name=\"twitter:site\" content=\"@Diegoamartin13\" \/>\r\n<meta name=\"twitter:label1\" content=\"Escrito por\" \/>\n\t<meta name=\"twitter:data1\" content=\"Diego A. Mart\u00edn\" \/>\n\t<meta name=\"twitter:label2\" content=\"Tiempo de lectura\" \/>\n\t<meta name=\"twitter:data2\" content=\"2 minutos\" \/>\r\n<script type=\"application\/ld+json\" class=\"yoast-schema-graph\">{\"@context\":\"https:\\\/\\\/schema.org\",\"@graph\":[{\"@type\":[\"Article\",\"SocialMediaPosting\"],\"@id\":\"https:\\\/\\\/www.duerodeporte.com\\\/index.php\\\/archivos\\\/8318#article\",\"isPartOf\":{\"@id\":\"https:\\\/\\\/www.duerodeporte.com\\\/index.php\\\/archivos\\\/8318\"},\"author\":{\"name\":\"Diego A. Mart\u00edn\",\"@id\":\"https:\\\/\\\/www.duerodeporte.com\\\/#\\\/schema\\\/person\\\/5f3368966f635b5ae0d23ffaf7a7f894\"},\"headline\":\"Los Erizos Rudos, colistas tras perder ante Metropolitano (2-5)\",\"datePublished\":\"2024-12-15T14:56:44+00:00\",\"dateModified\":\"2024-12-15T15:40:34+00:00\",\"mainEntityOfPage\":{\"@id\":\"https:\\\/\\\/www.duerodeporte.com\\\/index.php\\\/archivos\\\/8318\"},\"wordCount\":365,\"commentCount\":0,\"publisher\":{\"@id\":\"https:\\\/\\\/www.duerodeporte.com\\\/#organization\"},\"image\":{\"@id\":\"https:\\\/\\\/www.duerodeporte.com\\\/index.php\\\/archivos\\\/8318#primaryimage\"},\"thumbnailUrl\":\"https:\\\/\\\/www.duerodeporte.com\\\/wp-content\\\/uploads\\\/2024\\\/12\\\/468971976_1028090255784852_8051701658119674937_n-e1734274646799.jpg\",\"keywords\":[\"aranda de duero\",\"Club Hockey L\u00ednea Aranda\",\"Erizos Rudos\",\"Hockey\",\"Metropolitano\",\"RFEP\"],\"articleSection\":[\"HOCKEY\",\"MAS DEPORTE\",\"z_PORTADA\"],\"inLanguage\":\"es\",\"potentialAction\":[{\"@type\":\"CommentAction\",\"name\":\"Comment\",\"target\":[\"https:\\\/\\\/www.duerodeporte.com\\\/index.php\\\/archivos\\\/8318#respond\"]}]},{\"@type\":[\"WebPage\",\"ItemPage\"],\"@id\":\"https:\\\/\\\/www.duerodeporte.com\\\/index.php\\\/archivos\\\/8318\",\"url\":\"https:\\\/\\\/www.duerodeporte.com\\\/index.php\\\/archivos\\\/8318\",\"name\":\"Los Erizos Rudos, colistas tras perder ante Metropolitano (2-5)\",\"isPartOf\":{\"@id\":\"https:\\\/\\\/www.duerodeporte.com\\\/#website\"},\"primaryImageOfPage\":{\"@id\":\"https:\\\/\\\/www.duerodeporte.com\\\/index.php\\\/archivos\\\/8318#primaryimage\"},\"image\":{\"@id\":\"https:\\\/\\\/www.duerodeporte.com\\\/index.php\\\/archivos\\\/8318#primaryimage\"},\"thumbnailUrl\":\"https:\\\/\\\/www.duerodeporte.com\\\/wp-content\\\/uploads\\\/2024\\\/12\\\/468971976_1028090255784852_8051701658119674937_n-e1734274646799.jpg\",\"datePublished\":\"2024-12-15T14:56:44+00:00\",\"dateModified\":\"2024-12-15T15:40:34+00:00\",\"description\":\"El Deporte de Aranda y las tierras del Duero\",\"breadcrumb\":{\"@id\":\"https:\\\/\\\/www.duerodeporte.com\\\/index.php\\\/archivos\\\/8318#breadcrumb\"},\"inLanguage\":\"es\",\"potentialAction\":[{\"@type\":\"ReadAction\",\"target\":[\"https:\\\/\\\/www.duerodeporte.com\\\/index.php\\\/archivos\\\/8318\"]}]},{\"@type\":\"ImageObject\",\"inLanguage\":\"es\",\"@id\":\"https:\\\/\\\/www.duerodeporte.com\\\/index.php\\\/archivos\\\/8318#primaryimage\",\"url\":\"https:\\\/\\\/www.duerodeporte.com\\\/wp-content\\\/uploads\\\/2024\\\/12\\\/468971976_1028090255784852_8051701658119674937_n-e1734274646799.jpg\",\"contentUrl\":\"https:\\\/\\\/www.duerodeporte.com\\\/wp-content\\\/uploads\\\/2024\\\/12\\\/468971976_1028090255784852_8051701658119674937_n-e1734274646799.jpg\",\"width\":1890,\"height\":1065,\"caption\":\"Los integrantes de Club Hockey L\u00ednea Aranda volvieron a perder en casa. \\\/ Alberto Collantes (CHLA)\"},{\"@type\":\"BreadcrumbList\",\"@id\":\"https:\\\/\\\/www.duerodeporte.com\\\/index.php\\\/archivos\\\/8318#breadcrumb\",\"itemListElement\":[{\"@type\":\"ListItem\",\"position\":1,\"name\":\"Portada\",\"item\":\"https:\\\/\\\/www.duerodeporte.com\\\/\"},{\"@type\":\"ListItem\",\"position\":2,\"name\":\"Los Erizos Rudos, colistas tras perder ante Metropolitano (2-5)\"}]},{\"@type\":\"WebSite\",\"@id\":\"https:\\\/\\\/www.duerodeporte.com\\\/#website\",\"url\":\"https:\\\/\\\/www.duerodeporte.com\\\/\",\"name\":\"Duero Deporte\",\"description\":\"El Deporte de Aranda y las tierras del Duero\",\"publisher\":{\"@id\":\"https:\\\/\\\/www.duerodeporte.com\\\/#organization\"},\"alternateName\":\"El Deporte de Aranda y las tierras del Duero\",\"potentialAction\":[{\"@type\":\"SearchAction\",\"target\":{\"@type\":\"EntryPoint\",\"urlTemplate\":\"https:\\\/\\\/www.duerodeporte.com\\\/?s={search_term_string}\"},\"query-input\":{\"@type\":\"PropertyValueSpecification\",\"valueRequired\":true,\"valueName\":\"search_term_string\"}}],\"inLanguage\":\"es\"},{\"@type\":\"Organization\",\"@id\":\"https:\\\/\\\/www.duerodeporte.com\\\/#organization\",\"name\":\"Duero Deporte\",\"alternateName\":\"El Deporte de Aranda y las tierras del Duero\",\"url\":\"https:\\\/\\\/www.duerodeporte.com\\\/\",\"logo\":{\"@type\":\"ImageObject\",\"inLanguage\":\"es\",\"@id\":\"https:\\\/\\\/www.duerodeporte.com\\\/#\\\/schema\\\/logo\\\/image\\\/\",\"url\":\"https:\\\/\\\/www.duerodeporte.com\\\/wp-content\\\/uploads\\\/2023\\\/11\\\/A.ColorSinFondo-e1708011627555.png\",\"contentUrl\":\"https:\\\/\\\/www.duerodeporte.com\\\/wp-content\\\/uploads\\\/2023\\\/11\\\/A.ColorSinFondo-e1708011627555.png\",\"width\":750,\"height\":132,\"caption\":\"Duero Deporte\"},\"image\":{\"@id\":\"https:\\\/\\\/www.duerodeporte.com\\\/#\\\/schema\\\/logo\\\/image\\\/\"},\"sameAs\":[\"https:\\\/\\\/www.facebook.com\\\/61555928375028\",\"https:\\\/\\\/x.com\\\/Diegoamartin13\",\"https:\\\/\\\/www.youtube.com\\\/channel\\\/UCxIGQL8b9gmW-NjaChabCdA\"]},{\"@type\":\"Person\",\"@id\":\"https:\\\/\\\/www.duerodeporte.com\\\/#\\\/schema\\\/person\\\/5f3368966f635b5ae0d23ffaf7a7f894\",\"name\":\"Diego A. Mart\u00edn\",\"image\":{\"@type\":\"ImageObject\",\"inLanguage\":\"es\",\"@id\":\"https:\\\/\\\/www.duerodeporte.com\\\/wp-content\\\/uploads\\\/2024\\\/01\\\/Diego2-e1706522808572-150x150.jpeg\",\"url\":\"https:\\\/\\\/www.duerodeporte.com\\\/wp-content\\\/uploads\\\/2024\\\/01\\\/Diego2-e1706522808572-150x150.jpeg\",\"contentUrl\":\"https:\\\/\\\/www.duerodeporte.com\\\/wp-content\\\/uploads\\\/2024\\\/01\\\/Diego2-e1706522808572-150x150.jpeg\",\"caption\":\"Diego A. Mart\u00edn\"},\"url\":\"https:\\\/\\\/www.duerodeporte.com\\\/index.php\\\/archivos\\\/author\\\/diego\"}]}<\/script>\r\n<!-- \/ Yoast SEO plugin. -->","yoast_head_json":{"title":"Los Erizos Rudos, colistas tras perder ante Metropolitano (2-5)","description":"El Deporte de Aranda y las tierras del Duero","robots":{"index":"index","follow":"follow","max-snippet":"max-snippet:-1","max-image-preview":"max-image-preview:large","max-video-preview":"max-video-preview:-1"},"canonical":"https:\/\/www.duerodeporte.com\/index.php\/archivos\/8318","og_locale":"es_ES","og_type":"article","og_title":"Los Erizos Rudos, colistas tras perder ante Metropolitano (2-5)","og_description":"El Deporte de Aranda y las tierras del Duero","og_url":"https:\/\/www.duerodeporte.com\/index.php\/archivos\/8318","og_site_name":"Duero Deporte","article_publisher":"https:\/\/www.facebook.com\/61555928375028","article_published_time":"2024-12-15T14:56:44+00:00","article_modified_time":"2024-12-15T15:40:34+00:00","og_image":[{"width":1890,"height":1065,"url":"https:\/\/www.duerodeporte.com\/wp-content\/uploads\/2024\/12\/468971976_1028090255784852_8051701658119674937_n-e1734274646799.jpg","type":"image\/jpeg"}],"author":"Diego A. Mart\u00edn","twitter_card":"summary_large_image","twitter_creator":"@Diegoamartin13","twitter_site":"@Diegoamartin13","twitter_misc":{"Escrito por":"Diego A. Mart\u00edn","Tiempo de lectura":"2 minutos"},"schema":{"@context":"https:\/\/schema.org","@graph":[{"@type":["Article","SocialMediaPosting"],"@id":"https:\/\/www.duerodeporte.com\/index.php\/archivos\/8318#article","isPartOf":{"@id":"https:\/\/www.duerodeporte.com\/index.php\/archivos\/8318"},"author":{"name":"Diego A. Mart\u00edn","@id":"https:\/\/www.duerodeporte.com\/#\/schema\/person\/5f3368966f635b5ae0d23ffaf7a7f894"},"headline":"Los Erizos Rudos, colistas tras perder ante Metropolitano (2-5)","datePublished":"2024-12-15T14:56:44+00:00","dateModified":"2024-12-15T15:40:34+00:00","mainEntityOfPage":{"@id":"https:\/\/www.duerodeporte.com\/index.php\/archivos\/8318"},"wordCount":365,"commentCount":0,"publisher":{"@id":"https:\/\/www.duerodeporte.com\/#organization"},"image":{"@id":"https:\/\/www.duerodeporte.com\/index.php\/archivos\/8318#primaryimage"},"thumbnailUrl":"https:\/\/www.duerodeporte.com\/wp-content\/uploads\/2024\/12\/468971976_1028090255784852_8051701658119674937_n-e1734274646799.jpg","keywords":["aranda de duero","Club Hockey L\u00ednea Aranda","Erizos Rudos","Hockey","Metropolitano","RFEP"],"articleSection":["HOCKEY","MAS DEPORTE","z_PORTADA"],"inLanguage":"es","potentialAction":[{"@type":"CommentAction","name":"Comment","target":["https:\/\/www.duerodeporte.com\/index.php\/archivos\/8318#respond"]}]},{"@type":["WebPage","ItemPage"],"@id":"https:\/\/www.duerodeporte.com\/index.php\/archivos\/8318","url":"https:\/\/www.duerodeporte.com\/index.php\/archivos\/8318","name":"Los Erizos Rudos, colistas tras perder ante Metropolitano (2-5)","isPartOf":{"@id":"https:\/\/www.duerodeporte.com\/#website"},"primaryImageOfPage":{"@id":"https:\/\/www.duerodeporte.com\/index.php\/archivos\/8318#primaryimage"},"image":{"@id":"https:\/\/www.duerodeporte.com\/index.php\/archivos\/8318#primaryimage"},"thumbnailUrl":"https:\/\/www.duerodeporte.com\/wp-content\/uploads\/2024\/12\/468971976_1028090255784852_8051701658119674937_n-e1734274646799.jpg","datePublished":"2024-12-15T14:56:44+00:00","dateModified":"2024-12-15T15:40:34+00:00","description":"El Deporte de Aranda y las tierras del Duero","breadcrumb":{"@id":"https:\/\/www.duerodeporte.com\/index.php\/archivos\/8318#breadcrumb"},"inLanguage":"es","potentialAction":[{"@type":"ReadAction","target":["https:\/\/www.duerodeporte.com\/index.php\/archivos\/8318"]}]},{"@type":"ImageObject","inLanguage":"es","@id":"https:\/\/www.duerodeporte.com\/index.php\/archivos\/8318#primaryimage","url":"https:\/\/www.duerodeporte.com\/wp-content\/uploads\/2024\/12\/468971976_1028090255784852_8051701658119674937_n-e1734274646799.jpg","contentUrl":"https:\/\/www.duerodeporte.com\/wp-content\/uploads\/2024\/12\/468971976_1028090255784852_8051701658119674937_n-e1734274646799.jpg","width":1890,"height":1065,"caption":"Los integrantes de Club Hockey L\u00ednea Aranda volvieron a perder en casa. \/ Alberto Collantes (CHLA)"},{"@type":"BreadcrumbList","@id":"https:\/\/www.duerodeporte.com\/index.php\/archivos\/8318#breadcrumb","itemListElement":[{"@type":"ListItem","position":1,"name":"Portada","item":"https:\/\/www.duerodeporte.com\/"},{"@type":"ListItem","position":2,"name":"Los Erizos Rudos, colistas tras perder ante Metropolitano (2-5)"}]},{"@type":"WebSite","@id":"https:\/\/www.duerodeporte.com\/#website","url":"https:\/\/www.duerodeporte.com\/","name":"Duero Deporte","description":"El Deporte de Aranda y las tierras del Duero","publisher":{"@id":"https:\/\/www.duerodeporte.com\/#organization"},"alternateName":"El Deporte de Aranda y las tierras del Duero","potentialAction":[{"@type":"SearchAction","target":{"@type":"EntryPoint","urlTemplate":"https:\/\/www.duerodeporte.com\/?s={search_term_string}"},"query-input":{"@type":"PropertyValueSpecification","valueRequired":true,"valueName":"search_term_string"}}],"inLanguage":"es"},{"@type":"Organization","@id":"https:\/\/www.duerodeporte.com\/#organization","name":"Duero Deporte","alternateName":"El Deporte de Aranda y las tierras del Duero","url":"https:\/\/www.duerodeporte.com\/","logo":{"@type":"ImageObject","inLanguage":"es","@id":"https:\/\/www.duerodeporte.com\/#\/schema\/logo\/image\/","url":"https:\/\/www.duerodeporte.com\/wp-content\/uploads\/2023\/11\/A.ColorSinFondo-e1708011627555.png","contentUrl":"https:\/\/www.duerodeporte.com\/wp-content\/uploads\/2023\/11\/A.ColorSinFondo-e1708011627555.png","width":750,"height":132,"caption":"Duero Deporte"},"image":{"@id":"https:\/\/www.duerodeporte.com\/#\/schema\/logo\/image\/"},"sameAs":["https:\/\/www.facebook.com\/61555928375028","https:\/\/x.com\/Diegoamartin13","https:\/\/www.youtube.com\/channel\/UCxIGQL8b9gmW-NjaChabCdA"]},{"@type":"Person","@id":"https:\/\/www.duerodeporte.com\/#\/schema\/person\/5f3368966f635b5ae0d23ffaf7a7f894","name":"Diego A. Mart\u00edn","image":{"@type":"ImageObject","inLanguage":"es","@id":"https:\/\/www.duerodeporte.com\/wp-content\/uploads\/2024\/01\/Diego2-e1706522808572-150x150.jpeg","url":"https:\/\/www.duerodeporte.com\/wp-content\/uploads\/2024\/01\/Diego2-e1706522808572-150x150.jpeg","contentUrl":"https:\/\/www.duerodeporte.com\/wp-content\/uploads\/2024\/01\/Diego2-e1706522808572-150x150.jpeg","caption":"Diego A. Mart\u00edn"},"url":"https:\/\/www.duerodeporte.com\/index.php\/archivos\/author\/diego"}]}},"views":347,"_links":{"self":[{"href":"https:\/\/www.duerodeporte.com\/index.php\/wp-json\/wp\/v2\/posts\/8318","targetHints":{"allow":["GET"]}}],"collection":[{"href":"https:\/\/www.duerodeporte.com\/index.php\/wp-json\/wp\/v2\/posts"}],"about":[{"href":"https:\/\/www.duerodeporte.com\/index.php\/wp-json\/wp\/v2\/types\/post"}],"author":[{"embeddable":true,"href":"https:\/\/www.duerodeporte.com\/index.php\/wp-json\/wp\/v2\/users\/3"}],"replies":[{"embeddable":true,"href":"https:\/\/www.duerodeporte.com\/index.php\/wp-json\/wp\/v2\/comments?post=8318"}],"version-history":[{"count":3,"href":"https:\/\/www.duerodeporte.com\/index.php\/wp-json\/wp\/v2\/posts\/8318\/revisions"}],"predecessor-version":[{"id":8323,"href":"https:\/\/www.duerodeporte.com\/index.php\/wp-json\/wp\/v2\/posts\/8318\/revisions\/8323"}],"wp:featuredmedia":[{"embeddable":true,"href":"https:\/\/www.duerodeporte.com\/index.php\/wp-json\/wp\/v2\/media\/8320"}],"wp:attachment":[{"href":"https:\/\/www.duerodeporte.com\/index.php\/wp-json\/wp\/v2\/media?parent=8318"}],"wp:term":[{"taxonomy":"category","embeddable":true,"href":"https:\/\/www.duerodeporte.com\/index.php\/wp-json\/wp\/v2\/categories?post=8318"},{"taxonomy":"post_tag","embeddable":true,"href":"https:\/\/www.duerodeporte.com\/index.php\/wp-json\/wp\/v2\/tags?post=8318"}],"curies":[{"name":"wp","href":"https:\/\/api.w.org\/{rel}","templated":true}]}}