{"id":8431,"date":"2024-12-20T17:18:06","date_gmt":"2024-12-20T16:18:06","guid":{"rendered":"https:\/\/www.duerodeporte.com\/?p=8431"},"modified":"2024-12-21T04:25:16","modified_gmt":"2024-12-21T03:25:16","slug":"tubos-aranda-cierra-el-ano-en-huesca","status":"publish","type":"post","link":"https:\/\/www.duerodeporte.com\/index.php\/archivos\/8431","title":{"rendered":"Tubos Aranda Villa de Aranda quiere llegar al par\u00f3n con un triunfo en Huesca"},"content":{"rendered":"\n<h2 class=\"wp-block-heading\">Los amarillos visitan al colista con la idea de sumar nuevamente lejos del Santiago Mangu\u00e1n. M\u00e1rquez recupera a Pau Guitart y Juan Tamayo. Pino y Agust\u00edn Vega son baja. Los oscenses no han ganado ning\u00fan partido en casa y club decreta el &#8216;D\u00eda del Abonado&#8217; para sumar mayor apoyo en las gradas<\/h2>\n\n\n\n<p>La<strong> 15\u00aa jornada <\/strong>cierra el 2024 y la primera vuelta en <strong><a href=\"https:\/\/asobal.es\/\">Liga Plenitude Asobal<\/a><\/strong>. <strong><a href=\"https:\/\/www.bmvilladearanda.com\/\">Tubos Aranda Villa de Aranda<\/a><\/strong> (12\u00ba, 10 puntos) cierra otro ciclo de tres partidos en apenas siete d\u00edas con su visita al Municipal de Huesca para medirse al colista, <strong><a href=\"https:\/\/www.bmhuesca.com\/\">Bada Huesca<\/a><\/strong> (16\u00ba, 5 puntos)<\/p>\n\n\n<div class=\"wp-block-image\">\n<figure class=\"aligncenter size-large\"><a href=\"https:\/\/multiriber.com\/\"><img loading=\"lazy\" decoding=\"async\" width=\"1024\" height=\"234\" src=\"https:\/\/www.duerodeporte.com\/wp-content\/uploads\/2024\/07\/multiriber.fw_-1024x234.png\" alt=\"\" class=\"wp-image-4730\" srcset=\"https:\/\/www.duerodeporte.com\/wp-content\/uploads\/2024\/07\/multiriber.fw_-1024x234.png 1024w, https:\/\/www.duerodeporte.com\/wp-content\/uploads\/2024\/07\/multiriber.fw_-300x69.png 300w, https:\/\/www.duerodeporte.com\/wp-content\/uploads\/2024\/07\/multiriber.fw_-768x176.png 768w, https:\/\/www.duerodeporte.com\/wp-content\/uploads\/2024\/07\/multiriber.fw_-1536x351.png 1536w, https:\/\/www.duerodeporte.com\/wp-content\/uploads\/2024\/07\/multiriber.fw_-696x159.png 696w, https:\/\/www.duerodeporte.com\/wp-content\/uploads\/2024\/07\/multiriber.fw_-1068x244.png 1068w, https:\/\/www.duerodeporte.com\/wp-content\/uploads\/2024\/07\/multiriber.fw_.png 1845w\" sizes=\"auto, (max-width: 1024px) 100vw, 1024px\" \/><\/a><\/figure>\n<\/div>\n\n\n<p>El punto en <strong>Cuenca <\/strong>y la derrota ante el <strong>Bar\u00e7a<\/strong>, bagaje amarillo frente a la p\u00edrrica racha de resultados de los de Nolasco &#8211;<strong>tres derrotas en ese mismo ciclo semanal<\/strong>-. No se podr\u00e1n lanzar las campanas al vuelo, pero el devenir de la competici\u00f3n sit\u00faa un punto por encima a los de las tierras del Duero como m\u00e1s favorito en la capital oscense.<\/p>\n\n\n\n<h2 class=\"wp-block-heading\">Javi M\u00e1rquez muestra prudencia<\/h2>\n\n\n\n<p>M\u00e1rquez que mantiene la prudencia, apunta que <strong>\u00abjugar en Asobal como visitante no te hace favorito\u00bb<\/strong> y resalta que \u00abhay que hacer un partido serio y s\u00f3lido en defensa\u00bb.<\/p>\n\n\n\n<figure class=\"wp-block-embed is-type-rich is-provider-twitter wp-block-embed-twitter\"><div class=\"wp-block-embed__wrapper\">\nhttps:\/\/twitter.com\/Diegoamartin13\/status\/1869841161386356940\n<\/div><\/figure>\n\n\n\n<p>Si bien es cierto, que en las \u00faltimas jornadas <strong>Nolasco ha recuperado efectivos<\/strong> y el equipo oscense ha demostrado una <strong>mejor\u00eda en su juego<\/strong>. Circunstancia que puede igualar fuerzas, m\u00e1s a\u00fan si atendemos a las bajas amarillas para el encuentro: <strong>Pino <\/strong>y <strong>Agus<\/strong>, lesionados. Por contra, regresan a la citaci\u00f3n <strong>Pau Guitart<\/strong>, en porter\u00eda, y <strong>Tamayo<\/strong>, en el extremo, tras superar sendos procesos gripales.<\/p>\n\n\n\n<h2 class=\"wp-block-heading\">El an\u00e1lisis del rival por \u00c1ngel Magdaleno<\/h2>\n\n\n\n<p>Mientras, y como todas las semanas, DUERO Deporte analiza al rival de los amarillos. En esta ocasi\u00f3n la perspectiva de \u00c1ngel Magdaleno nos habla de un rival que <strong>\u00abno ser\u00e1 f\u00e1cil\u00bb<\/strong> y que se ha visto \u00abaquejado por las lesiones\u00bb y que ya ha recuperado recientemente a <strong>Ignacio Su\u00e1rez<\/strong> y <strong>\u00d3scar Garc\u00eda<\/strong>. Adem\u00e1s, destaca en cubano \u00c1ngel Malo (84 goles en 14 jornadas) para ser el cuarto m\u00e1ximo anotador de la competici\u00f3n. Una escuadra que por calidad ha de reaccionar y que tiene capacidad para <strong>\u00absorprender en cualquier momento como ya hizo en Le\u00f3n ante Ademar\u00bb<\/strong>. As\u00ed lo ve Magdaleno:<\/p>\n\n\n\n<figure class=\"wp-block-video\"><video height=\"1080\" style=\"aspect-ratio: 1080 \/ 1080;\" width=\"1080\" controls src=\"https:\/\/www.duerodeporte.com\/wp-content\/uploads\/2024\/12\/Publicacion-de-Instagram-1080x1080-px-16.mp4\"><\/video><\/figure>\n\n\n\n<h2 class=\"wp-block-heading\">Samu convocadocon los Hispanos J\u00fanior<\/h2>\n\n\n\n<p>En la actualidad amarilla otros dos nombres son noticia. Samu Saiz. El lateral izquierdo valenciano del Villa de Aranda ha recibido la llamada de la<strong> selecci\u00f3n espa\u00f1ola J\u00fanior<\/strong> para disputar del 9 al 11 de enero el <strong>Torneo IV Naciones <\/strong>que se va a disputar en Pinhel (Portugal)<\/p>\n\n\n\n<h2 class=\"wp-block-heading\">Agust\u00edn Vega sufre un esguince del ligamento cruzado anterior<\/h2>\n\n\n\n<p>Mientras, este viernes el club ha conocido <strong>el diagn\u00f3stico m\u00e9dico final <\/strong>de la lesi\u00f3n de rodilla de <strong>Agust\u00edn Vega<\/strong>. El lateral derecho argentino se lesion\u00f3 en el reciente partido ante el Bar\u00e7a en el Santaigo Mangu\u00e1n y tras la resonancia que se le realizaba el mi\u00e9rcoles<strong> sufre un esguince del ligamento cruzado anterior en su rodilla derecha<\/strong>. <\/p>\n\n\n\n<p>Dicha lesi\u00f3n <strong>no requerir\u00e1 intervenci\u00f3n quir\u00fargica alguna<\/strong> y comenzar\u00e1 en los pr\u00f3ximos d\u00edas su correspondiente proceso de recuperaci\u00f3n con el objetivo de llegar en plenas facultades al<strong> regreso de la competici\u00f3n liguera de febrero<\/strong>.<\/p>\n\n\n\n<p>Hay que recordar que Vega estaba preseleccionado con <strong>Argentina <\/strong>para el <strong>Mundial <\/strong>del pr\u00f3ximo mes de enero, al igual que su compa\u00f1ero en las filas amarillas, <strong>Fischer<\/strong>. <\/p>\n","protected":false},"excerpt":{"rendered":"<p>Los amarillos visitan al colista con la idea de sumar nuevamente lejos del Santiago Mangu\u00e1n. M\u00e1rquez recupera a Pau Guitart y Juan Tamayo. Pino y Agust\u00edn Vega son baja. Los [&hellip;]<\/p>\n","protected":false},"author":3,"featured_media":8436,"comment_status":"open","ping_status":"open","sticky":false,"template":"","format":"standard","meta":{"footnotes":""},"categories":[18,15],"tags":[],"class_list":["post-8431","post","type-post","status-publish","format-standard","has-post-thumbnail","category-balonmano","category-portada"],"yoast_head":"<!-- This site is optimized with the Yoast SEO plugin v27.5 - https:\/\/yoast.com\/product\/yoast-seo-wordpress\/ -->\r\n<title>Tubos Aranda Villa de Aranda quiere llegar al par\u00f3n con un triunfo en Huesca<\/title>\r\n<meta name=\"description\" content=\"El Deporte de Aranda y las tierras del Duero\" \/>\r\n<meta name=\"robots\" content=\"index, follow, max-snippet:-1, max-image-preview:large, max-video-preview:-1\" \/>\r\n<link rel=\"canonical\" href=\"https:\/\/www.duerodeporte.com\/index.php\/archivos\/8431\" \/>\r\n<meta property=\"og:locale\" content=\"es_ES\" \/>\r\n<meta property=\"og:type\" content=\"article\" \/>\r\n<meta property=\"og:title\" content=\"Tubos Aranda Villa de Aranda quiere llegar al par\u00f3n con un triunfo en Huesca\" \/>\r\n<meta property=\"og:description\" content=\"El Deporte de Aranda y las tierras del Duero\" \/>\r\n<meta property=\"og:url\" content=\"https:\/\/www.duerodeporte.com\/index.php\/archivos\/8431\" \/>\r\n<meta property=\"og:site_name\" content=\"Duero Deporte\" \/>\r\n<meta property=\"article:publisher\" content=\"https:\/\/www.facebook.com\/61555928375028\" \/>\r\n<meta property=\"article:published_time\" content=\"2024-12-20T16:18:06+00:00\" \/>\r\n<meta property=\"article:modified_time\" content=\"2024-12-21T03:25:16+00:00\" \/>\r\n<meta property=\"og:image\" content=\"https:\/\/www.duerodeporte.com\/wp-content\/uploads\/2024\/12\/arcalle-dic-17-2024-398-scaled-e1734696936947.jpg\" \/>\r\n\t<meta property=\"og:image:width\" content=\"2415\" \/>\r\n\t<meta property=\"og:image:height\" content=\"1293\" \/>\r\n\t<meta property=\"og:image:type\" content=\"image\/jpeg\" \/>\r\n<meta name=\"author\" content=\"Diego A. Mart\u00edn\" \/>\r\n<meta name=\"twitter:card\" content=\"summary_large_image\" \/>\r\n<meta name=\"twitter:creator\" content=\"@Diegoamartin13\" \/>\r\n<meta name=\"twitter:site\" content=\"@Diegoamartin13\" \/>\r\n<meta name=\"twitter:label1\" content=\"Escrito por\" \/>\n\t<meta name=\"twitter:data1\" content=\"Diego A. Mart\u00edn\" \/>\n\t<meta name=\"twitter:label2\" content=\"Tiempo de lectura\" \/>\n\t<meta name=\"twitter:data2\" content=\"3 minutos\" \/>\r\n<script type=\"application\/ld+json\" class=\"yoast-schema-graph\">{\"@context\":\"https:\\\/\\\/schema.org\",\"@graph\":[{\"@type\":[\"Article\",\"SocialMediaPosting\"],\"@id\":\"https:\\\/\\\/www.duerodeporte.com\\\/index.php\\\/archivos\\\/8431#article\",\"isPartOf\":{\"@id\":\"https:\\\/\\\/www.duerodeporte.com\\\/index.php\\\/archivos\\\/8431\"},\"author\":{\"name\":\"Diego A. Mart\u00edn\",\"@id\":\"https:\\\/\\\/www.duerodeporte.com\\\/#\\\/schema\\\/person\\\/5f3368966f635b5ae0d23ffaf7a7f894\"},\"headline\":\"Tubos Aranda Villa de Aranda quiere llegar al par\u00f3n con un triunfo en Huesca\",\"datePublished\":\"2024-12-20T16:18:06+00:00\",\"dateModified\":\"2024-12-21T03:25:16+00:00\",\"mainEntityOfPage\":{\"@id\":\"https:\\\/\\\/www.duerodeporte.com\\\/index.php\\\/archivos\\\/8431\"},\"wordCount\":607,\"commentCount\":0,\"publisher\":{\"@id\":\"https:\\\/\\\/www.duerodeporte.com\\\/#organization\"},\"image\":{\"@id\":\"https:\\\/\\\/www.duerodeporte.com\\\/index.php\\\/archivos\\\/8431#primaryimage\"},\"thumbnailUrl\":\"https:\\\/\\\/www.duerodeporte.com\\\/wp-content\\\/uploads\\\/2024\\\/12\\\/arcalle-dic-17-2024-398-scaled-e1734696936947.jpg\",\"articleSection\":[\"BALONMANO\",\"z_PORTADA\"],\"inLanguage\":\"es\",\"potentialAction\":[{\"@type\":\"CommentAction\",\"name\":\"Comment\",\"target\":[\"https:\\\/\\\/www.duerodeporte.com\\\/index.php\\\/archivos\\\/8431#respond\"]}]},{\"@type\":[\"WebPage\",\"ItemPage\"],\"@id\":\"https:\\\/\\\/www.duerodeporte.com\\\/index.php\\\/archivos\\\/8431\",\"url\":\"https:\\\/\\\/www.duerodeporte.com\\\/index.php\\\/archivos\\\/8431\",\"name\":\"Tubos Aranda Villa de Aranda quiere llegar al par\u00f3n con un triunfo en Huesca\",\"isPartOf\":{\"@id\":\"https:\\\/\\\/www.duerodeporte.com\\\/#website\"},\"primaryImageOfPage\":{\"@id\":\"https:\\\/\\\/www.duerodeporte.com\\\/index.php\\\/archivos\\\/8431#primaryimage\"},\"image\":{\"@id\":\"https:\\\/\\\/www.duerodeporte.com\\\/index.php\\\/archivos\\\/8431#primaryimage\"},\"thumbnailUrl\":\"https:\\\/\\\/www.duerodeporte.com\\\/wp-content\\\/uploads\\\/2024\\\/12\\\/arcalle-dic-17-2024-398-scaled-e1734696936947.jpg\",\"datePublished\":\"2024-12-20T16:18:06+00:00\",\"dateModified\":\"2024-12-21T03:25:16+00:00\",\"description\":\"El Deporte de Aranda y las tierras del Duero\",\"breadcrumb\":{\"@id\":\"https:\\\/\\\/www.duerodeporte.com\\\/index.php\\\/archivos\\\/8431#breadcrumb\"},\"inLanguage\":\"es\",\"potentialAction\":[{\"@type\":\"ReadAction\",\"target\":[\"https:\\\/\\\/www.duerodeporte.com\\\/index.php\\\/archivos\\\/8431\"]}]},{\"@type\":\"ImageObject\",\"inLanguage\":\"es\",\"@id\":\"https:\\\/\\\/www.duerodeporte.com\\\/index.php\\\/archivos\\\/8431#primaryimage\",\"url\":\"https:\\\/\\\/www.duerodeporte.com\\\/wp-content\\\/uploads\\\/2024\\\/12\\\/arcalle-dic-17-2024-398-scaled-e1734696936947.jpg\",\"contentUrl\":\"https:\\\/\\\/www.duerodeporte.com\\\/wp-content\\\/uploads\\\/2024\\\/12\\\/arcalle-dic-17-2024-398-scaled-e1734696936947.jpg\",\"width\":2415,\"height\":1293,\"caption\":\"La plantilla de Tubos Aranda Villa de Aranda se desped\u00eda de su afici\u00f3n hasta 2025 el pasado mi\u00e9rcoles ante el Bar\u00e7a. \\\/ (Arcalle (Villa de Aranda)\"},{\"@type\":\"BreadcrumbList\",\"@id\":\"https:\\\/\\\/www.duerodeporte.com\\\/index.php\\\/archivos\\\/8431#breadcrumb\",\"itemListElement\":[{\"@type\":\"ListItem\",\"position\":1,\"name\":\"Portada\",\"item\":\"https:\\\/\\\/www.duerodeporte.com\\\/\"},{\"@type\":\"ListItem\",\"position\":2,\"name\":\"Tubos Aranda Villa de Aranda quiere llegar al par\u00f3n con un triunfo en Huesca\"}]},{\"@type\":\"WebSite\",\"@id\":\"https:\\\/\\\/www.duerodeporte.com\\\/#website\",\"url\":\"https:\\\/\\\/www.duerodeporte.com\\\/\",\"name\":\"Duero Deporte\",\"description\":\"El Deporte de Aranda y las tierras del Duero\",\"publisher\":{\"@id\":\"https:\\\/\\\/www.duerodeporte.com\\\/#organization\"},\"alternateName\":\"El Deporte de Aranda y las tierras del Duero\",\"potentialAction\":[{\"@type\":\"SearchAction\",\"target\":{\"@type\":\"EntryPoint\",\"urlTemplate\":\"https:\\\/\\\/www.duerodeporte.com\\\/?s={search_term_string}\"},\"query-input\":{\"@type\":\"PropertyValueSpecification\",\"valueRequired\":true,\"valueName\":\"search_term_string\"}}],\"inLanguage\":\"es\"},{\"@type\":\"Organization\",\"@id\":\"https:\\\/\\\/www.duerodeporte.com\\\/#organization\",\"name\":\"Duero Deporte\",\"alternateName\":\"El Deporte de Aranda y las tierras del Duero\",\"url\":\"https:\\\/\\\/www.duerodeporte.com\\\/\",\"logo\":{\"@type\":\"ImageObject\",\"inLanguage\":\"es\",\"@id\":\"https:\\\/\\\/www.duerodeporte.com\\\/#\\\/schema\\\/logo\\\/image\\\/\",\"url\":\"https:\\\/\\\/www.duerodeporte.com\\\/wp-content\\\/uploads\\\/2023\\\/11\\\/A.ColorSinFondo-e1708011627555.png\",\"contentUrl\":\"https:\\\/\\\/www.duerodeporte.com\\\/wp-content\\\/uploads\\\/2023\\\/11\\\/A.ColorSinFondo-e1708011627555.png\",\"width\":750,\"height\":132,\"caption\":\"Duero Deporte\"},\"image\":{\"@id\":\"https:\\\/\\\/www.duerodeporte.com\\\/#\\\/schema\\\/logo\\\/image\\\/\"},\"sameAs\":[\"https:\\\/\\\/www.facebook.com\\\/61555928375028\",\"https:\\\/\\\/x.com\\\/Diegoamartin13\",\"https:\\\/\\\/www.youtube.com\\\/channel\\\/UCxIGQL8b9gmW-NjaChabCdA\"]},{\"@type\":\"Person\",\"@id\":\"https:\\\/\\\/www.duerodeporte.com\\\/#\\\/schema\\\/person\\\/5f3368966f635b5ae0d23ffaf7a7f894\",\"name\":\"Diego A. Mart\u00edn\",\"image\":{\"@type\":\"ImageObject\",\"inLanguage\":\"es\",\"@id\":\"https:\\\/\\\/www.duerodeporte.com\\\/wp-content\\\/uploads\\\/2024\\\/01\\\/Diego2-e1706522808572-150x150.jpeg\",\"url\":\"https:\\\/\\\/www.duerodeporte.com\\\/wp-content\\\/uploads\\\/2024\\\/01\\\/Diego2-e1706522808572-150x150.jpeg\",\"contentUrl\":\"https:\\\/\\\/www.duerodeporte.com\\\/wp-content\\\/uploads\\\/2024\\\/01\\\/Diego2-e1706522808572-150x150.jpeg\",\"caption\":\"Diego A. Mart\u00edn\"},\"url\":\"https:\\\/\\\/www.duerodeporte.com\\\/index.php\\\/archivos\\\/author\\\/diego\"}]}<\/script>\r\n<!-- \/ Yoast SEO plugin. -->","yoast_head_json":{"title":"Tubos Aranda Villa de Aranda quiere llegar al par\u00f3n con un triunfo en Huesca","description":"El Deporte de Aranda y las tierras del Duero","robots":{"index":"index","follow":"follow","max-snippet":"max-snippet:-1","max-image-preview":"max-image-preview:large","max-video-preview":"max-video-preview:-1"},"canonical":"https:\/\/www.duerodeporte.com\/index.php\/archivos\/8431","og_locale":"es_ES","og_type":"article","og_title":"Tubos Aranda Villa de Aranda quiere llegar al par\u00f3n con un triunfo en Huesca","og_description":"El Deporte de Aranda y las tierras del Duero","og_url":"https:\/\/www.duerodeporte.com\/index.php\/archivos\/8431","og_site_name":"Duero Deporte","article_publisher":"https:\/\/www.facebook.com\/61555928375028","article_published_time":"2024-12-20T16:18:06+00:00","article_modified_time":"2024-12-21T03:25:16+00:00","og_image":[{"width":2415,"height":1293,"url":"https:\/\/www.duerodeporte.com\/wp-content\/uploads\/2024\/12\/arcalle-dic-17-2024-398-scaled-e1734696936947.jpg","type":"image\/jpeg"}],"author":"Diego A. Mart\u00edn","twitter_card":"summary_large_image","twitter_creator":"@Diegoamartin13","twitter_site":"@Diegoamartin13","twitter_misc":{"Escrito por":"Diego A. Mart\u00edn","Tiempo de lectura":"3 minutos"},"schema":{"@context":"https:\/\/schema.org","@graph":[{"@type":["Article","SocialMediaPosting"],"@id":"https:\/\/www.duerodeporte.com\/index.php\/archivos\/8431#article","isPartOf":{"@id":"https:\/\/www.duerodeporte.com\/index.php\/archivos\/8431"},"author":{"name":"Diego A. Mart\u00edn","@id":"https:\/\/www.duerodeporte.com\/#\/schema\/person\/5f3368966f635b5ae0d23ffaf7a7f894"},"headline":"Tubos Aranda Villa de Aranda quiere llegar al par\u00f3n con un triunfo en Huesca","datePublished":"2024-12-20T16:18:06+00:00","dateModified":"2024-12-21T03:25:16+00:00","mainEntityOfPage":{"@id":"https:\/\/www.duerodeporte.com\/index.php\/archivos\/8431"},"wordCount":607,"commentCount":0,"publisher":{"@id":"https:\/\/www.duerodeporte.com\/#organization"},"image":{"@id":"https:\/\/www.duerodeporte.com\/index.php\/archivos\/8431#primaryimage"},"thumbnailUrl":"https:\/\/www.duerodeporte.com\/wp-content\/uploads\/2024\/12\/arcalle-dic-17-2024-398-scaled-e1734696936947.jpg","articleSection":["BALONMANO","z_PORTADA"],"inLanguage":"es","potentialAction":[{"@type":"CommentAction","name":"Comment","target":["https:\/\/www.duerodeporte.com\/index.php\/archivos\/8431#respond"]}]},{"@type":["WebPage","ItemPage"],"@id":"https:\/\/www.duerodeporte.com\/index.php\/archivos\/8431","url":"https:\/\/www.duerodeporte.com\/index.php\/archivos\/8431","name":"Tubos Aranda Villa de Aranda quiere llegar al par\u00f3n con un triunfo en Huesca","isPartOf":{"@id":"https:\/\/www.duerodeporte.com\/#website"},"primaryImageOfPage":{"@id":"https:\/\/www.duerodeporte.com\/index.php\/archivos\/8431#primaryimage"},"image":{"@id":"https:\/\/www.duerodeporte.com\/index.php\/archivos\/8431#primaryimage"},"thumbnailUrl":"https:\/\/www.duerodeporte.com\/wp-content\/uploads\/2024\/12\/arcalle-dic-17-2024-398-scaled-e1734696936947.jpg","datePublished":"2024-12-20T16:18:06+00:00","dateModified":"2024-12-21T03:25:16+00:00","description":"El Deporte de Aranda y las tierras del Duero","breadcrumb":{"@id":"https:\/\/www.duerodeporte.com\/index.php\/archivos\/8431#breadcrumb"},"inLanguage":"es","potentialAction":[{"@type":"ReadAction","target":["https:\/\/www.duerodeporte.com\/index.php\/archivos\/8431"]}]},{"@type":"ImageObject","inLanguage":"es","@id":"https:\/\/www.duerodeporte.com\/index.php\/archivos\/8431#primaryimage","url":"https:\/\/www.duerodeporte.com\/wp-content\/uploads\/2024\/12\/arcalle-dic-17-2024-398-scaled-e1734696936947.jpg","contentUrl":"https:\/\/www.duerodeporte.com\/wp-content\/uploads\/2024\/12\/arcalle-dic-17-2024-398-scaled-e1734696936947.jpg","width":2415,"height":1293,"caption":"La plantilla de Tubos Aranda Villa de Aranda se desped\u00eda de su afici\u00f3n hasta 2025 el pasado mi\u00e9rcoles ante el Bar\u00e7a. \/ (Arcalle (Villa de Aranda)"},{"@type":"BreadcrumbList","@id":"https:\/\/www.duerodeporte.com\/index.php\/archivos\/8431#breadcrumb","itemListElement":[{"@type":"ListItem","position":1,"name":"Portada","item":"https:\/\/www.duerodeporte.com\/"},{"@type":"ListItem","position":2,"name":"Tubos Aranda Villa de Aranda quiere llegar al par\u00f3n con un triunfo en Huesca"}]},{"@type":"WebSite","@id":"https:\/\/www.duerodeporte.com\/#website","url":"https:\/\/www.duerodeporte.com\/","name":"Duero Deporte","description":"El Deporte de Aranda y las tierras del Duero","publisher":{"@id":"https:\/\/www.duerodeporte.com\/#organization"},"alternateName":"El Deporte de Aranda y las tierras del Duero","potentialAction":[{"@type":"SearchAction","target":{"@type":"EntryPoint","urlTemplate":"https:\/\/www.duerodeporte.com\/?s={search_term_string}"},"query-input":{"@type":"PropertyValueSpecification","valueRequired":true,"valueName":"search_term_string"}}],"inLanguage":"es"},{"@type":"Organization","@id":"https:\/\/www.duerodeporte.com\/#organization","name":"Duero Deporte","alternateName":"El Deporte de Aranda y las tierras del Duero","url":"https:\/\/www.duerodeporte.com\/","logo":{"@type":"ImageObject","inLanguage":"es","@id":"https:\/\/www.duerodeporte.com\/#\/schema\/logo\/image\/","url":"https:\/\/www.duerodeporte.com\/wp-content\/uploads\/2023\/11\/A.ColorSinFondo-e1708011627555.png","contentUrl":"https:\/\/www.duerodeporte.com\/wp-content\/uploads\/2023\/11\/A.ColorSinFondo-e1708011627555.png","width":750,"height":132,"caption":"Duero Deporte"},"image":{"@id":"https:\/\/www.duerodeporte.com\/#\/schema\/logo\/image\/"},"sameAs":["https:\/\/www.facebook.com\/61555928375028","https:\/\/x.com\/Diegoamartin13","https:\/\/www.youtube.com\/channel\/UCxIGQL8b9gmW-NjaChabCdA"]},{"@type":"Person","@id":"https:\/\/www.duerodeporte.com\/#\/schema\/person\/5f3368966f635b5ae0d23ffaf7a7f894","name":"Diego A. Mart\u00edn","image":{"@type":"ImageObject","inLanguage":"es","@id":"https:\/\/www.duerodeporte.com\/wp-content\/uploads\/2024\/01\/Diego2-e1706522808572-150x150.jpeg","url":"https:\/\/www.duerodeporte.com\/wp-content\/uploads\/2024\/01\/Diego2-e1706522808572-150x150.jpeg","contentUrl":"https:\/\/www.duerodeporte.com\/wp-content\/uploads\/2024\/01\/Diego2-e1706522808572-150x150.jpeg","caption":"Diego A. Mart\u00edn"},"url":"https:\/\/www.duerodeporte.com\/index.php\/archivos\/author\/diego"}]}},"views":353,"_links":{"self":[{"href":"https:\/\/www.duerodeporte.com\/index.php\/wp-json\/wp\/v2\/posts\/8431","targetHints":{"allow":["GET"]}}],"collection":[{"href":"https:\/\/www.duerodeporte.com\/index.php\/wp-json\/wp\/v2\/posts"}],"about":[{"href":"https:\/\/www.duerodeporte.com\/index.php\/wp-json\/wp\/v2\/types\/post"}],"author":[{"embeddable":true,"href":"https:\/\/www.duerodeporte.com\/index.php\/wp-json\/wp\/v2\/users\/3"}],"replies":[{"embeddable":true,"href":"https:\/\/www.duerodeporte.com\/index.php\/wp-json\/wp\/v2\/comments?post=8431"}],"version-history":[{"count":11,"href":"https:\/\/www.duerodeporte.com\/index.php\/wp-json\/wp\/v2\/posts\/8431\/revisions"}],"predecessor-version":[{"id":8455,"href":"https:\/\/www.duerodeporte.com\/index.php\/wp-json\/wp\/v2\/posts\/8431\/revisions\/8455"}],"wp:featuredmedia":[{"embeddable":true,"href":"https:\/\/www.duerodeporte.com\/index.php\/wp-json\/wp\/v2\/media\/8436"}],"wp:attachment":[{"href":"https:\/\/www.duerodeporte.com\/index.php\/wp-json\/wp\/v2\/media?parent=8431"}],"wp:term":[{"taxonomy":"category","embeddable":true,"href":"https:\/\/www.duerodeporte.com\/index.php\/wp-json\/wp\/v2\/categories?post=8431"},{"taxonomy":"post_tag","embeddable":true,"href":"https:\/\/www.duerodeporte.com\/index.php\/wp-json\/wp\/v2\/tags?post=8431"}],"curies":[{"name":"wp","href":"https:\/\/api.w.org\/{rel}","templated":true}]}}