{"id":9204,"date":"2025-01-23T22:29:29","date_gmt":"2025-01-23T21:29:29","guid":{"rendered":"https:\/\/www.duerodeporte.com\/?p=9204"},"modified":"2025-01-24T15:52:07","modified_gmt":"2025-01-24T14:52:07","slug":"ribera-rugby-recibe-a-leon-en-busca-del-primer-triunfo-del-ano","status":"publish","type":"post","link":"https:\/\/www.duerodeporte.com\/index.php\/archivos\/9204","title":{"rendered":"Ribera Rugby recibe a Le\u00f3n en busca del primer triunfo del a\u00f1o"},"content":{"rendered":"\n<h2 class=\"wp-block-heading\">Tras la derrota ante El Salvador en la vuelta a la competici\u00f3n, las del quince dorado quieren sumar un triunfo que las acerque al tercer puesto de la clasificaci\u00f3n. A las arandinas les restan dos partidos aplazados para cerrar la fase regular de la Liga Senior <\/h2>\n\n\n\n<p>El <strong><a href=\"https:\/\/www.instagram.com\/riberarugby\/?hl=es\">Ribera Rugby<\/a><\/strong> (4\u00ba, 9 puntos)afronta este fin de semana uno de los dos partidos aplazados que le restan para cerrar la fase regular de la <strong>Liga Senior Femenina<\/strong>. Las del quince dorado reciben este <strong>domingo <\/strong>a las <strong>12:00 horas<\/strong> en la <strong>Virgen de las Vi\u00f1as<\/strong> a <strong><a href=\"https:\/\/www.instagram.com\/leonrugbyclub\/?hl=es\">Le\u00f3n Rugby Club<\/a><\/strong> (5\u00ba, 4 puntos)<\/p>\n\n\n\n<figure class=\"wp-block-image size-large\"><a href=\"https:\/\/whatsapp.com\/channel\/0029VaKr9Jr5kg76tHjXkZ2b\"><img loading=\"lazy\" decoding=\"async\" width=\"1024\" height=\"234\" src=\"https:\/\/www.duerodeporte.com\/wp-content\/uploads\/2025\/01\/federopticos_enero25-1024x234.jpeg\" alt=\"\" class=\"wp-image-8756\" srcset=\"https:\/\/www.duerodeporte.com\/wp-content\/uploads\/2025\/01\/federopticos_enero25-1024x234.jpeg 1024w, https:\/\/www.duerodeporte.com\/wp-content\/uploads\/2025\/01\/federopticos_enero25-300x69.jpeg 300w, https:\/\/www.duerodeporte.com\/wp-content\/uploads\/2025\/01\/federopticos_enero25-768x176.jpeg 768w, https:\/\/www.duerodeporte.com\/wp-content\/uploads\/2025\/01\/federopticos_enero25-1536x351.jpeg 1536w, https:\/\/www.duerodeporte.com\/wp-content\/uploads\/2025\/01\/federopticos_enero25-696x159.jpeg 696w, https:\/\/www.duerodeporte.com\/wp-content\/uploads\/2025\/01\/federopticos_enero25-1068x244.jpeg 1068w, https:\/\/www.duerodeporte.com\/wp-content\/uploads\/2025\/01\/federopticos_enero25.jpeg 1845w\" sizes=\"auto, (max-width: 1024px) 100vw, 1024px\" \/><\/a><\/figure>\n\n\n\n<p>El encuentro correspondiente a la <strong><a href=\"https:\/\/rugbycyl.es\/resultados-clubs-de-castilla-y-leon\/\">8\u00aa jornada <\/a><\/strong>del Campeonato llega para las pupilas de Gonzalo Fern\u00e1ndez tras la dura derrota ante El Salvador el pasado fin de semana. Un encuentro que quieren dejar atr\u00e1s y demostrar el potencial que atesoran para <strong>auparse en la clasificaci\u00f3n hasta el 3\u00ba puesto<\/strong> con permiso de Las B\u00fafalas de Universidad de Salamanca (3\u00ba, 11 puntos)<\/p>\n\n\n\n<p>Para este fin de semana Ribera Rugby recupera a <strong>Miriam Hern\u00e1ndez<\/strong> tras su rotura de tabique nasal a mediados de diciembre, pero por el contrario no podr\u00e1 contar con <strong>Lara Quintana<\/strong>.<\/p>\n\n\n\n<p>En el <strong>partido de la 1\u00aa vuelta ante las leonesas <\/strong>disputado lejos de la capital arandina, las del quince dorado fueron capaces superar a su rival por<strong> 5-29<\/strong>. Un triunfo al que aspiran nuevamente este domingo en casa junto al apoyo de la afici\u00f3n de las Tierras del Duero.<\/p>\n","protected":false},"excerpt":{"rendered":"<p>Tras la derrota ante El Salvador en la vuelta a la competici\u00f3n, las del quince dorado quieren sumar un triunfo que las acerque al tercer puesto de la clasificaci\u00f3n. A [&hellip;]<\/p>\n","protected":false},"author":3,"featured_media":9207,"comment_status":"open","ping_status":"open","sticky":false,"template":"","format":"standard","meta":{"footnotes":""},"categories":[21,15],"tags":[43,45,484,44,31],"class_list":["post-9204","post","type-post","status-publish","format-standard","has-post-thumbnail","category-rugby","category-portada","tag-aranda-de-duero","tag-frcyl","tag-leon","tag-ribera-rugby","tag-rugby"],"yoast_head":"<!-- This site is optimized with the Yoast SEO plugin v27.5 - https:\/\/yoast.com\/product\/yoast-seo-wordpress\/ -->\r\n<title>Ribera Rugby recibe a Le\u00f3n en busca del primer triunfo del a\u00f1o<\/title>\r\n<meta name=\"description\" content=\"El Deporte de Aranda y las tierras del Duero\" \/>\r\n<meta name=\"robots\" content=\"index, follow, max-snippet:-1, max-image-preview:large, max-video-preview:-1\" \/>\r\n<link rel=\"canonical\" href=\"https:\/\/www.duerodeporte.com\/index.php\/archivos\/9204\" \/>\r\n<meta property=\"og:locale\" content=\"es_ES\" \/>\r\n<meta property=\"og:type\" content=\"article\" \/>\r\n<meta property=\"og:title\" content=\"Ribera Rugby recibe a Le\u00f3n en busca del primer triunfo del a\u00f1o\" \/>\r\n<meta property=\"og:description\" content=\"El Deporte de Aranda y las tierras del Duero\" \/>\r\n<meta property=\"og:url\" content=\"https:\/\/www.duerodeporte.com\/index.php\/archivos\/9204\" \/>\r\n<meta property=\"og:site_name\" content=\"Duero Deporte\" \/>\r\n<meta property=\"article:publisher\" content=\"https:\/\/www.facebook.com\/61555928375028\" \/>\r\n<meta property=\"article:published_time\" content=\"2025-01-23T21:29:29+00:00\" \/>\r\n<meta property=\"article:modified_time\" content=\"2025-01-24T14:52:07+00:00\" \/>\r\n<meta property=\"og:image\" content=\"https:\/\/www.duerodeporte.com\/wp-content\/uploads\/2025\/01\/WhatsApp-Image-2025-01-24-at-13.27.35.jpeg\" \/>\r\n\t<meta property=\"og:image:width\" content=\"832\" \/>\r\n\t<meta property=\"og:image:height\" content=\"560\" \/>\r\n\t<meta property=\"og:image:type\" content=\"image\/jpeg\" \/>\r\n<meta name=\"author\" content=\"Diego A. Mart\u00edn\" \/>\r\n<meta name=\"twitter:card\" content=\"summary_large_image\" \/>\r\n<meta name=\"twitter:creator\" content=\"@Diegoamartin13\" \/>\r\n<meta name=\"twitter:site\" content=\"@Diegoamartin13\" \/>\r\n<meta name=\"twitter:label1\" content=\"Escrito por\" \/>\n\t<meta name=\"twitter:data1\" content=\"Diego A. Mart\u00edn\" \/>\n\t<meta name=\"twitter:label2\" content=\"Tiempo de lectura\" \/>\n\t<meta name=\"twitter:data2\" content=\"2 minutos\" \/>\r\n<script type=\"application\/ld+json\" class=\"yoast-schema-graph\">{\"@context\":\"https:\\\/\\\/schema.org\",\"@graph\":[{\"@type\":[\"Article\",\"SocialMediaPosting\"],\"@id\":\"https:\\\/\\\/www.duerodeporte.com\\\/index.php\\\/archivos\\\/9204#article\",\"isPartOf\":{\"@id\":\"https:\\\/\\\/www.duerodeporte.com\\\/index.php\\\/archivos\\\/9204\"},\"author\":{\"name\":\"Diego A. Mart\u00edn\",\"@id\":\"https:\\\/\\\/www.duerodeporte.com\\\/#\\\/schema\\\/person\\\/5f3368966f635b5ae0d23ffaf7a7f894\"},\"headline\":\"Ribera Rugby recibe a Le\u00f3n en busca del primer triunfo del a\u00f1o\",\"datePublished\":\"2025-01-23T21:29:29+00:00\",\"dateModified\":\"2025-01-24T14:52:07+00:00\",\"mainEntityOfPage\":{\"@id\":\"https:\\\/\\\/www.duerodeporte.com\\\/index.php\\\/archivos\\\/9204\"},\"wordCount\":255,\"commentCount\":0,\"publisher\":{\"@id\":\"https:\\\/\\\/www.duerodeporte.com\\\/#organization\"},\"image\":{\"@id\":\"https:\\\/\\\/www.duerodeporte.com\\\/index.php\\\/archivos\\\/9204#primaryimage\"},\"thumbnailUrl\":\"https:\\\/\\\/www.duerodeporte.com\\\/wp-content\\\/uploads\\\/2025\\\/01\\\/WhatsApp-Image-2025-01-24-at-13.27.35.jpeg\",\"keywords\":[\"aranda de duero\",\"FRCyL\",\"Le\u00f3n\",\"Ribera Rugby\",\"rugby\"],\"articleSection\":[\"RUGBY\",\"z_PORTADA\"],\"inLanguage\":\"es\",\"potentialAction\":[{\"@type\":\"CommentAction\",\"name\":\"Comment\",\"target\":[\"https:\\\/\\\/www.duerodeporte.com\\\/index.php\\\/archivos\\\/9204#respond\"]}]},{\"@type\":[\"WebPage\",\"ItemPage\"],\"@id\":\"https:\\\/\\\/www.duerodeporte.com\\\/index.php\\\/archivos\\\/9204\",\"url\":\"https:\\\/\\\/www.duerodeporte.com\\\/index.php\\\/archivos\\\/9204\",\"name\":\"Ribera Rugby recibe a Le\u00f3n en busca del primer triunfo del a\u00f1o\",\"isPartOf\":{\"@id\":\"https:\\\/\\\/www.duerodeporte.com\\\/#website\"},\"primaryImageOfPage\":{\"@id\":\"https:\\\/\\\/www.duerodeporte.com\\\/index.php\\\/archivos\\\/9204#primaryimage\"},\"image\":{\"@id\":\"https:\\\/\\\/www.duerodeporte.com\\\/index.php\\\/archivos\\\/9204#primaryimage\"},\"thumbnailUrl\":\"https:\\\/\\\/www.duerodeporte.com\\\/wp-content\\\/uploads\\\/2025\\\/01\\\/WhatsApp-Image-2025-01-24-at-13.27.35.jpeg\",\"datePublished\":\"2025-01-23T21:29:29+00:00\",\"dateModified\":\"2025-01-24T14:52:07+00:00\",\"description\":\"El Deporte de Aranda y las tierras del Duero\",\"breadcrumb\":{\"@id\":\"https:\\\/\\\/www.duerodeporte.com\\\/index.php\\\/archivos\\\/9204#breadcrumb\"},\"inLanguage\":\"es\",\"potentialAction\":[{\"@type\":\"ReadAction\",\"target\":[\"https:\\\/\\\/www.duerodeporte.com\\\/index.php\\\/archivos\\\/9204\"]}]},{\"@type\":\"ImageObject\",\"inLanguage\":\"es\",\"@id\":\"https:\\\/\\\/www.duerodeporte.com\\\/index.php\\\/archivos\\\/9204#primaryimage\",\"url\":\"https:\\\/\\\/www.duerodeporte.com\\\/wp-content\\\/uploads\\\/2025\\\/01\\\/WhatsApp-Image-2025-01-24-at-13.27.35.jpeg\",\"contentUrl\":\"https:\\\/\\\/www.duerodeporte.com\\\/wp-content\\\/uploads\\\/2025\\\/01\\\/WhatsApp-Image-2025-01-24-at-13.27.35.jpeg\",\"width\":832,\"height\":560,\"caption\":\"Imagen del encuentro de la pasada jornada ante El Salvador. \\\/ Ribera Rugby\"},{\"@type\":\"BreadcrumbList\",\"@id\":\"https:\\\/\\\/www.duerodeporte.com\\\/index.php\\\/archivos\\\/9204#breadcrumb\",\"itemListElement\":[{\"@type\":\"ListItem\",\"position\":1,\"name\":\"Portada\",\"item\":\"https:\\\/\\\/www.duerodeporte.com\\\/\"},{\"@type\":\"ListItem\",\"position\":2,\"name\":\"Ribera Rugby recibe a Le\u00f3n en busca del primer triunfo del a\u00f1o\"}]},{\"@type\":\"WebSite\",\"@id\":\"https:\\\/\\\/www.duerodeporte.com\\\/#website\",\"url\":\"https:\\\/\\\/www.duerodeporte.com\\\/\",\"name\":\"Duero Deporte\",\"description\":\"El Deporte de Aranda y las tierras del Duero\",\"publisher\":{\"@id\":\"https:\\\/\\\/www.duerodeporte.com\\\/#organization\"},\"alternateName\":\"El Deporte de Aranda y las tierras del Duero\",\"potentialAction\":[{\"@type\":\"SearchAction\",\"target\":{\"@type\":\"EntryPoint\",\"urlTemplate\":\"https:\\\/\\\/www.duerodeporte.com\\\/?s={search_term_string}\"},\"query-input\":{\"@type\":\"PropertyValueSpecification\",\"valueRequired\":true,\"valueName\":\"search_term_string\"}}],\"inLanguage\":\"es\"},{\"@type\":\"Organization\",\"@id\":\"https:\\\/\\\/www.duerodeporte.com\\\/#organization\",\"name\":\"Duero Deporte\",\"alternateName\":\"El Deporte de Aranda y las tierras del Duero\",\"url\":\"https:\\\/\\\/www.duerodeporte.com\\\/\",\"logo\":{\"@type\":\"ImageObject\",\"inLanguage\":\"es\",\"@id\":\"https:\\\/\\\/www.duerodeporte.com\\\/#\\\/schema\\\/logo\\\/image\\\/\",\"url\":\"https:\\\/\\\/www.duerodeporte.com\\\/wp-content\\\/uploads\\\/2023\\\/11\\\/A.ColorSinFondo-e1708011627555.png\",\"contentUrl\":\"https:\\\/\\\/www.duerodeporte.com\\\/wp-content\\\/uploads\\\/2023\\\/11\\\/A.ColorSinFondo-e1708011627555.png\",\"width\":750,\"height\":132,\"caption\":\"Duero Deporte\"},\"image\":{\"@id\":\"https:\\\/\\\/www.duerodeporte.com\\\/#\\\/schema\\\/logo\\\/image\\\/\"},\"sameAs\":[\"https:\\\/\\\/www.facebook.com\\\/61555928375028\",\"https:\\\/\\\/x.com\\\/Diegoamartin13\",\"https:\\\/\\\/www.youtube.com\\\/channel\\\/UCxIGQL8b9gmW-NjaChabCdA\"]},{\"@type\":\"Person\",\"@id\":\"https:\\\/\\\/www.duerodeporte.com\\\/#\\\/schema\\\/person\\\/5f3368966f635b5ae0d23ffaf7a7f894\",\"name\":\"Diego A. Mart\u00edn\",\"image\":{\"@type\":\"ImageObject\",\"inLanguage\":\"es\",\"@id\":\"https:\\\/\\\/www.duerodeporte.com\\\/wp-content\\\/uploads\\\/2024\\\/01\\\/Diego2-e1706522808572-150x150.jpeg\",\"url\":\"https:\\\/\\\/www.duerodeporte.com\\\/wp-content\\\/uploads\\\/2024\\\/01\\\/Diego2-e1706522808572-150x150.jpeg\",\"contentUrl\":\"https:\\\/\\\/www.duerodeporte.com\\\/wp-content\\\/uploads\\\/2024\\\/01\\\/Diego2-e1706522808572-150x150.jpeg\",\"caption\":\"Diego A. Mart\u00edn\"},\"url\":\"https:\\\/\\\/www.duerodeporte.com\\\/index.php\\\/archivos\\\/author\\\/diego\"}]}<\/script>\r\n<!-- \/ Yoast SEO plugin. -->","yoast_head_json":{"title":"Ribera Rugby recibe a Le\u00f3n en busca del primer triunfo del a\u00f1o","description":"El Deporte de Aranda y las tierras del Duero","robots":{"index":"index","follow":"follow","max-snippet":"max-snippet:-1","max-image-preview":"max-image-preview:large","max-video-preview":"max-video-preview:-1"},"canonical":"https:\/\/www.duerodeporte.com\/index.php\/archivos\/9204","og_locale":"es_ES","og_type":"article","og_title":"Ribera Rugby recibe a Le\u00f3n en busca del primer triunfo del a\u00f1o","og_description":"El Deporte de Aranda y las tierras del Duero","og_url":"https:\/\/www.duerodeporte.com\/index.php\/archivos\/9204","og_site_name":"Duero Deporte","article_publisher":"https:\/\/www.facebook.com\/61555928375028","article_published_time":"2025-01-23T21:29:29+00:00","article_modified_time":"2025-01-24T14:52:07+00:00","og_image":[{"width":832,"height":560,"url":"https:\/\/www.duerodeporte.com\/wp-content\/uploads\/2025\/01\/WhatsApp-Image-2025-01-24-at-13.27.35.jpeg","type":"image\/jpeg"}],"author":"Diego A. Mart\u00edn","twitter_card":"summary_large_image","twitter_creator":"@Diegoamartin13","twitter_site":"@Diegoamartin13","twitter_misc":{"Escrito por":"Diego A. Mart\u00edn","Tiempo de lectura":"2 minutos"},"schema":{"@context":"https:\/\/schema.org","@graph":[{"@type":["Article","SocialMediaPosting"],"@id":"https:\/\/www.duerodeporte.com\/index.php\/archivos\/9204#article","isPartOf":{"@id":"https:\/\/www.duerodeporte.com\/index.php\/archivos\/9204"},"author":{"name":"Diego A. Mart\u00edn","@id":"https:\/\/www.duerodeporte.com\/#\/schema\/person\/5f3368966f635b5ae0d23ffaf7a7f894"},"headline":"Ribera Rugby recibe a Le\u00f3n en busca del primer triunfo del a\u00f1o","datePublished":"2025-01-23T21:29:29+00:00","dateModified":"2025-01-24T14:52:07+00:00","mainEntityOfPage":{"@id":"https:\/\/www.duerodeporte.com\/index.php\/archivos\/9204"},"wordCount":255,"commentCount":0,"publisher":{"@id":"https:\/\/www.duerodeporte.com\/#organization"},"image":{"@id":"https:\/\/www.duerodeporte.com\/index.php\/archivos\/9204#primaryimage"},"thumbnailUrl":"https:\/\/www.duerodeporte.com\/wp-content\/uploads\/2025\/01\/WhatsApp-Image-2025-01-24-at-13.27.35.jpeg","keywords":["aranda de duero","FRCyL","Le\u00f3n","Ribera Rugby","rugby"],"articleSection":["RUGBY","z_PORTADA"],"inLanguage":"es","potentialAction":[{"@type":"CommentAction","name":"Comment","target":["https:\/\/www.duerodeporte.com\/index.php\/archivos\/9204#respond"]}]},{"@type":["WebPage","ItemPage"],"@id":"https:\/\/www.duerodeporte.com\/index.php\/archivos\/9204","url":"https:\/\/www.duerodeporte.com\/index.php\/archivos\/9204","name":"Ribera Rugby recibe a Le\u00f3n en busca del primer triunfo del a\u00f1o","isPartOf":{"@id":"https:\/\/www.duerodeporte.com\/#website"},"primaryImageOfPage":{"@id":"https:\/\/www.duerodeporte.com\/index.php\/archivos\/9204#primaryimage"},"image":{"@id":"https:\/\/www.duerodeporte.com\/index.php\/archivos\/9204#primaryimage"},"thumbnailUrl":"https:\/\/www.duerodeporte.com\/wp-content\/uploads\/2025\/01\/WhatsApp-Image-2025-01-24-at-13.27.35.jpeg","datePublished":"2025-01-23T21:29:29+00:00","dateModified":"2025-01-24T14:52:07+00:00","description":"El Deporte de Aranda y las tierras del Duero","breadcrumb":{"@id":"https:\/\/www.duerodeporte.com\/index.php\/archivos\/9204#breadcrumb"},"inLanguage":"es","potentialAction":[{"@type":"ReadAction","target":["https:\/\/www.duerodeporte.com\/index.php\/archivos\/9204"]}]},{"@type":"ImageObject","inLanguage":"es","@id":"https:\/\/www.duerodeporte.com\/index.php\/archivos\/9204#primaryimage","url":"https:\/\/www.duerodeporte.com\/wp-content\/uploads\/2025\/01\/WhatsApp-Image-2025-01-24-at-13.27.35.jpeg","contentUrl":"https:\/\/www.duerodeporte.com\/wp-content\/uploads\/2025\/01\/WhatsApp-Image-2025-01-24-at-13.27.35.jpeg","width":832,"height":560,"caption":"Imagen del encuentro de la pasada jornada ante El Salvador. \/ Ribera Rugby"},{"@type":"BreadcrumbList","@id":"https:\/\/www.duerodeporte.com\/index.php\/archivos\/9204#breadcrumb","itemListElement":[{"@type":"ListItem","position":1,"name":"Portada","item":"https:\/\/www.duerodeporte.com\/"},{"@type":"ListItem","position":2,"name":"Ribera Rugby recibe a Le\u00f3n en busca del primer triunfo del a\u00f1o"}]},{"@type":"WebSite","@id":"https:\/\/www.duerodeporte.com\/#website","url":"https:\/\/www.duerodeporte.com\/","name":"Duero Deporte","description":"El Deporte de Aranda y las tierras del Duero","publisher":{"@id":"https:\/\/www.duerodeporte.com\/#organization"},"alternateName":"El Deporte de Aranda y las tierras del Duero","potentialAction":[{"@type":"SearchAction","target":{"@type":"EntryPoint","urlTemplate":"https:\/\/www.duerodeporte.com\/?s={search_term_string}"},"query-input":{"@type":"PropertyValueSpecification","valueRequired":true,"valueName":"search_term_string"}}],"inLanguage":"es"},{"@type":"Organization","@id":"https:\/\/www.duerodeporte.com\/#organization","name":"Duero Deporte","alternateName":"El Deporte de Aranda y las tierras del Duero","url":"https:\/\/www.duerodeporte.com\/","logo":{"@type":"ImageObject","inLanguage":"es","@id":"https:\/\/www.duerodeporte.com\/#\/schema\/logo\/image\/","url":"https:\/\/www.duerodeporte.com\/wp-content\/uploads\/2023\/11\/A.ColorSinFondo-e1708011627555.png","contentUrl":"https:\/\/www.duerodeporte.com\/wp-content\/uploads\/2023\/11\/A.ColorSinFondo-e1708011627555.png","width":750,"height":132,"caption":"Duero Deporte"},"image":{"@id":"https:\/\/www.duerodeporte.com\/#\/schema\/logo\/image\/"},"sameAs":["https:\/\/www.facebook.com\/61555928375028","https:\/\/x.com\/Diegoamartin13","https:\/\/www.youtube.com\/channel\/UCxIGQL8b9gmW-NjaChabCdA"]},{"@type":"Person","@id":"https:\/\/www.duerodeporte.com\/#\/schema\/person\/5f3368966f635b5ae0d23ffaf7a7f894","name":"Diego A. Mart\u00edn","image":{"@type":"ImageObject","inLanguage":"es","@id":"https:\/\/www.duerodeporte.com\/wp-content\/uploads\/2024\/01\/Diego2-e1706522808572-150x150.jpeg","url":"https:\/\/www.duerodeporte.com\/wp-content\/uploads\/2024\/01\/Diego2-e1706522808572-150x150.jpeg","contentUrl":"https:\/\/www.duerodeporte.com\/wp-content\/uploads\/2024\/01\/Diego2-e1706522808572-150x150.jpeg","caption":"Diego A. Mart\u00edn"},"url":"https:\/\/www.duerodeporte.com\/index.php\/archivos\/author\/diego"}]}},"views":279,"_links":{"self":[{"href":"https:\/\/www.duerodeporte.com\/index.php\/wp-json\/wp\/v2\/posts\/9204","targetHints":{"allow":["GET"]}}],"collection":[{"href":"https:\/\/www.duerodeporte.com\/index.php\/wp-json\/wp\/v2\/posts"}],"about":[{"href":"https:\/\/www.duerodeporte.com\/index.php\/wp-json\/wp\/v2\/types\/post"}],"author":[{"embeddable":true,"href":"https:\/\/www.duerodeporte.com\/index.php\/wp-json\/wp\/v2\/users\/3"}],"replies":[{"embeddable":true,"href":"https:\/\/www.duerodeporte.com\/index.php\/wp-json\/wp\/v2\/comments?post=9204"}],"version-history":[{"count":5,"href":"https:\/\/www.duerodeporte.com\/index.php\/wp-json\/wp\/v2\/posts\/9204\/revisions"}],"predecessor-version":[{"id":9212,"href":"https:\/\/www.duerodeporte.com\/index.php\/wp-json\/wp\/v2\/posts\/9204\/revisions\/9212"}],"wp:featuredmedia":[{"embeddable":true,"href":"https:\/\/www.duerodeporte.com\/index.php\/wp-json\/wp\/v2\/media\/9207"}],"wp:attachment":[{"href":"https:\/\/www.duerodeporte.com\/index.php\/wp-json\/wp\/v2\/media?parent=9204"}],"wp:term":[{"taxonomy":"category","embeddable":true,"href":"https:\/\/www.duerodeporte.com\/index.php\/wp-json\/wp\/v2\/categories?post=9204"},{"taxonomy":"post_tag","embeddable":true,"href":"https:\/\/www.duerodeporte.com\/index.php\/wp-json\/wp\/v2\/tags?post=9204"}],"curies":[{"name":"wp","href":"https:\/\/api.w.org\/{rel}","templated":true}]}}